{"id":205591,"date":"2026-09-01T16:22:43","date_gmt":"2026-09-01T14:22:43","guid":{"rendered":"https:\/\/www.bordeaux-neurocampus.fr\/une-universite-doit-toujours-garder-de-lambition\/"},"modified":"2026-09-01T16:22:43","modified_gmt":"2026-09-01T14:22:43","slug":"une-universite-doit-toujours-garder-de-lambition","status":"publish","type":"post","link":"https:\/\/www.bordeaux-neurocampus.fr\/en\/une-universite-doit-toujours-garder-de-lambition\/","title":{"rendered":"\u00abUne universit\u00e9 doit toujours garder de l&#8217;ambition\u00bb"},"content":{"rendered":"<p><a href=\"https:\/\/www.bordeaux-neurocampus.fr\/wp-content\/uploads\/2026\/09\/tunon-de-lara-credit-Gautier_Dufau.jpg\" rel=\"lightbox[205591]\"><img loading=\"lazy\" decoding=\"async\" class=\"wp-image-205589 size-medium alignright\" src=\"https:\/\/www.bordeaux-neurocampus.fr\/wp-content\/uploads\/2026\/09\/tunon-de-lara-credit-Gautier_Dufau-360x240.jpg\" alt=\"\" width=\"360\" height=\"240\" srcset=\"https:\/\/www.bordeaux-neurocampus.fr\/wp-content\/uploads\/2026\/09\/tunon-de-lara-credit-Gautier_Dufau-360x240.jpg 360w, https:\/\/www.bordeaux-neurocampus.fr\/wp-content\/uploads\/2026\/09\/tunon-de-lara-credit-Gautier_Dufau-136x91.jpg 136w, https:\/\/www.bordeaux-neurocampus.fr\/wp-content\/uploads\/2026\/09\/tunon-de-lara-credit-Gautier_Dufau-640x426.jpg 640w, https:\/\/www.bordeaux-neurocampus.fr\/wp-content\/uploads\/2026\/09\/tunon-de-lara-credit-Gautier_Dufau.jpg 720w\" sizes=\"auto, (max-width: 360px) 100vw, 360px\" \/><\/a>Construire une universit\u00e9 plus forte, plus ouverte et plus libre. Tel a \u00e9t\u00e9 le leitmotiv de Manuel Tunon de Lara, m\u00e9decin et pr\u00e9sident de l\u2019universit\u00e9 Bordeaux Segalen, puis premier pr\u00e9sident de l\u2019universit\u00e9 de Bordeaux.<\/p>\n<p>A l\u2019occasion de son d\u00e9part \u00e0 la retraite le 1er septembre 2026, il revient dans un entretien sur cette aventure collective, les grandes \u00e9tapes de son parcours et les convictions qui ont guid\u00e9 son engagement.<\/p>\n<p><a href=\"https:\/\/www.u-bordeaux.fr\/actualites\/une-universite-doit-toujours-garder-de-lambition\"><strong>Lire l&#8217;entretien sur www.u-bordeaux.fr<\/strong><\/a><\/p>\n<p>&nbsp;<\/p>\n","protected":false},"excerpt":{"rendered":"<p>Entretien avec Manuel Tunon de Lara, ancien pr\u00e9sident de l&#8217;universit\u00e9, \u00e0 lire sur www.u-bordeaux.fr<\/p>\n","protected":false},"author":108,"featured_media":205592,"comment_status":"closed","ping_status":"closed","sticky":false,"template":"","format":"standard","meta":{"footnotes":""},"categories":[314],"tags":[],"class_list":["post-205591","post","type-post","status-publish","format-standard","has-post-thumbnail","hentry","category-at-the-university"],"_links":{"self":[{"href":"https:\/\/www.bordeaux-neurocampus.fr\/en\/wp-json\/wp\/v2\/posts\/205591","targetHints":{"allow":["GET"]}}],"collection":[{"href":"https:\/\/www.bordeaux-neurocampus.fr\/en\/wp-json\/wp\/v2\/posts"}],"about":[{"href":"https:\/\/www.bordeaux-neurocampus.fr\/en\/wp-json\/wp\/v2\/types\/post"}],"author":[{"embeddable":true,"href":"https:\/\/www.bordeaux-neurocampus.fr\/en\/wp-json\/wp\/v2\/users\/108"}],"replies":[{"embeddable":true,"href":"https:\/\/www.bordeaux-neurocampus.fr\/en\/wp-json\/wp\/v2\/comments?post=205591"}],"version-history":[{"count":0,"href":"https:\/\/www.bordeaux-neurocampus.fr\/en\/wp-json\/wp\/v2\/posts\/205591\/revisions"}],"wp:featuredmedia":[{"embeddable":true,"href":"https:\/\/www.bordeaux-neurocampus.fr\/en\/wp-json\/wp\/v2\/media\/205592"}],"wp:attachment":[{"href":"https:\/\/www.bordeaux-neurocampus.fr\/en\/wp-json\/wp\/v2\/media?parent=205591"}],"wp:term":[{"taxonomy":"category","embeddable":true,"href":"https:\/\/www.bordeaux-neurocampus.fr\/en\/wp-json\/wp\/v2\/categories?post=205591"},{"taxonomy":"post_tag","embeddable":true,"href":"https:\/\/www.bordeaux-neurocampus.fr\/en\/wp-json\/wp\/v2\/tags?post=205591"}],"curies":[{"name":"wp","href":"https:\/\/api.w.org\/{rel}","templated":true}]}}