{"id":205146,"date":"2026-09-01T15:38:26","date_gmt":"2026-09-01T13:38:26","guid":{"rendered":"https:\/\/www.bordeaux-neurocampus.fr\/?p=205146"},"modified":"2026-09-01T21:04:34","modified_gmt":"2026-09-01T19:04:34","slug":"resultats-des-anr-2026","status":"publish","type":"post","link":"https:\/\/www.bordeaux-neurocampus.fr\/en\/resultats-des-anr-2026\/","title":{"rendered":"R\u00e9sultats des ANR 2026"},"content":{"rendered":"<p>F\u00e9licitations aux laur\u00e9ates et laur\u00e9ats des Appels \u00e0 projets ANR 2026 !<\/p>\n<p><em><strong>Il manque votre projet ou des pr\u00e9cisions ? Merci d\u2019\u00e9crire \u00e0 <a href=\"mailto:arnaud.rodriguez@u-bordeaux.fr\">Arnaud Rodriguez<\/a><\/strong><\/em><\/p>\n<h2>Laur\u00e9ates JCJC<\/h2>\n<h3 class=\"redTitle\">CE16 &#8211; Neurosciences mol\u00e9culaires et cellulaires &#8211; Neurobiologie du d\u00e9veloppement<\/h3>\n<p><strong>LIPoMic<\/strong> &#8211; PUFAs transport and support of developmental microglia during post-natal brain development: role in brain maturation.<br \/>\n&#8211; Laur\u00e9ate : <strong>Charlotte Madore (NutriNeuro)<\/strong><\/p>\n<h3 class=\"redTitle\">CE37 &#8211; Neurosciences int\u00e9gratives et cognitives<\/h3>\n<p><strong>Pro-TECT<\/strong> &#8211; Progesterone modulation of Insula-mesolimbic circuits: a mechanistic approach to prevent cocaine relapse<br \/>\n&#8211; Laur\u00e9ate : <strong>C\u00e9line Nicolas (INCIA)<\/strong><\/p>\n<hr \/>\n<h2>Laur\u00e9ats PRC<\/h2>\n<h3 class=\"redTitle\">CE11 &#8211; Caract\u00e9risation des structures et relations structure-fonction des macromol\u00e9cules biologiques<\/h3>\n<p><strong>CLEM-Probes<\/strong> &#8211; <span lang=\"EN-US\">Deciphering the nanoscale organization of synaptic proteins by correlative light-electron microscopy using engineered fluoronanogold probes<\/span><br \/>\n&#8211; Coordinateur : <strong>Olivier Thoumine (IINS)<\/strong><br \/>\n&#8211; Partenaires : <strong>Matthieu Sainlos (IINS)<\/strong>, R\u00e9mi Fronzes (IECB, Pessac)<\/p>\n<h3 class=\"redTitle\">CE13 &#8211; Biologie cellulaire, biologie du d\u00e9veloppement et de l\u2019\u00e9volution<\/h3>\n<p><strong>NanoSIGN<\/strong> &#8211; Nano-organisation des nanodomaines lipidiques pour la signalisation du r\u00e9cepteur \u00e0 l&#8217;Interf\u00e9ron Gamma<br \/>\n&#8211; Coordinateur : C\u00e9dric Blouin (Institut Curie, Paris)<br \/>\n&#8211; Partenaires : St\u00e9phane Vassilopoulos (Institut de Myologie, Paris) ; <strong>Olivier Rossier (IINS)<\/strong><\/p>\n<h3 class=\"redTitle\">CE14 &#8211; Physiologie et physiopathologie<\/h3>\n<p><strong>ThalDOPESITY<\/strong> &#8211; Cibler la Transmission Dopaminergique du Thalamus M\u00e9dian pour Traiter les Dysfonctionnements Li\u00e9s \u00e0 l&#8217;Ob\u00e9sit\u00e9 (Targeting Midline Thalamic Dopamine Transmission to Address Obesity-related Dysfunctions)<br \/>\n&#8211; Coordinateur: Giuseppe Gangarossa (BFA, Paris)<br \/>\n&#8211; Partenaires : <strong>Lucile Capuron (NutriNeuro) ; Joachim Maz\u00e8re (INCIA) ; Elif Hindi\u00e9 (INCIA \/ CHU Bordeaux)<\/strong><\/p>\n<h3 class=\"redTitle\">CE16 &#8211; Neurosciences mol\u00e9culaires et cellulaires &#8211; Neurobiologie du d\u00e9veloppement<\/h3>\n<p><strong>ARCMetaFlex<\/strong> &#8211; <em>Entra\u00eenement des neurones du noyau arqu\u00e9 de l\u2019hypothalamus pour le contr\u00f4le de la flexibilit\u00e9 m\u00e9tabolique<\/em><br \/>\n&#8211; Coordinatrice : <strong>Daniela Cota (Neurocentre Magendie)<br \/>\n<\/strong>&#8211; Partenaires : Serge Luquet (BFA, Paris) ; Rodrigue Rossignol (MRGM, Bordeaux)<\/p>\n<p><strong>CADHAUT<\/strong> &#8211;<em> R\u00f4le synaptique de la Cadherin-13 dans les cellules de Gogi du cervelet : nouvelles perspectives pour les Troubles du Spectre de l&#8217;Autisme<\/em><br \/>\n&#8211; Coordinateur : Alexandre Pattyn (INM , Montpelier)<br \/>\n&#8211; Partenaires :\u00a0<strong>Etienne Herzog (IINS)<\/strong> ; Fr\u00e9d\u00e9ric Doussau (INCI, Strasbourg)<\/p>\n<p><strong>CORTEX-MAP<\/strong> &#8211; <em>Cartographie des complexes trans-synaptiques d\u00e9pendants de LRRTM2 dans le d\u00e9veloppement et la plasticit\u00e9 des circuits corticaux<\/em><br \/>\n&#8211; Coordinatrice : <strong>Ingrid Chamma (IINS)<br \/>\n<\/strong>&#8211; Partenaires :\u00a0<strong><br \/>\n<\/strong><\/p>\n<p><strong>DOMINO<\/strong> &#8211; <em>Interactome membranaire des r\u00e9cepteurs : de l&#8217;imagerie mol\u00e9culaire \u00e0 la fonction durant le d\u00e9veloppement<\/em><br \/>\n&#8211; Coordinateur : <strong>Laurent Groc (IINS)<br \/>\n<\/strong>&#8211; Partenaires :\u00a0<strong><br \/>\n<\/strong><\/p>\n<p><strong>SPARSE<\/strong> &#8211;<em> Analyse longitudinale de la s\u00e9lection des partenaires synaptiques dans le circuit olivo-c\u00e9r\u00e9belleux<\/em><br \/>\n&#8211; Coordinateur : <strong>Mathieu Letellier (IINS)\u00a0<\/strong><br \/>\n&#8211; Partenaires : <strong>Elena Avignone (Neurocentre Magendie)<\/strong> ;<strong> Florian Levet (IINS)<\/strong> ; <strong>Vincent Studer (IINS)<\/strong><\/p>\n<p><strong>TRPAlzh<\/strong> &#8211; <em>Validation m\u00e9canistique du canal astrocytaires TRPA1 en tant que cible th\u00e9rapeutique neuroprotectrice dans la maladie d&#8217;Alzheimer<\/em><br \/>\n&#8211; Coordinatrice : Mireille Albrieux (Grenoble Institut des Neurosciences, Grenoble)<br \/>\n&#8211; Partenaires : Christophe Moreau (Institut de Biologie Structurale, Grenoble), <strong>Julien Dupuis (IINS)<\/strong>, Emmanuel Barbier (IRMaGe; Grenoble)<\/p>\n<p><strong>VANILA<\/strong> &#8211; <em>Int\u00e9gration non canonique du r\u00e9seau VIP-axoaxonique dans la saillance sensorielle avec l\u2019ac\u00e9tylcholine<\/em><br \/>\n&#8211; Coordinateur :\u00a0 <strong>Cyril Dejean (Neurocentre Magendie)<\/strong><\/p>\n<h3 class=\"redTitle\">CE17 &#8211; Recherche translationnelle en sant\u00e9<\/h3>\n<p><b>GRINSCREEN <\/b>&#8211; <em>D\u00e9veloppement d\u2019une plateforme int\u00e9grative pour l\u2019analyse fonctionnelle et th\u00e9rapeutique des variants du g\u00e8ne GRIN.<\/em><br \/>\n&#8211; Coordinateur : <b>Olivier Nicole (IINS)<\/b><br \/>\n&#8211; Partenaires : Ga\u00ebtan Lesca (Hospices Civils de Lyon, Lyon), <b>Matthieu Sainlos (IINS)<\/b><\/p>\n<h3 class=\"redTitle\">CE19 &#8211; Technologies pour la sant\u00e9<\/h3>\n<p><strong>LAMINEAR<\/strong> &#8211; <em>Administration m\u00e9dicamenteuse mini-invasive dans l\u2019oreille interne assist\u00e9e par laser<\/em><br \/>\n&#8211; Coordinateur : <strong>Damien Bonnard (Neurocentre Magendie)<\/strong><br \/>\n&#8211; Partenaires : Olivia Kerouredan (Biotis, Bordeaux), Emeline Ribot (RMSB, Bordeaux), Rapha\u00ebl Devillard (CIC-IT, CHU de Bordeaux)<\/p>\n<h3 class=\"redTitle\">CE20 &#8211; Biologie des animaux, des organismes photosynth\u00e9tiques<br \/>\net des micro-organismes<\/h3>\n<p><strong>PALMleaf <\/strong>&#8211; <em>Dynamique du facteur floral LEAFY \u00e9tudi\u00e9 en mol\u00e9cule unique<\/em><strong><br \/>\n<\/strong>&#8211; Coordinateur : Francois Parcy (Physiologie cellulaire et vegetale, Grenoble)<br \/>\n&#8211; Partenaires : Gabriel Krouk (IBIP, Montpellier); <strong>Eric Hosy (IINS)<\/strong><\/p>\n<p><strong>SensoFeed<\/strong>\u00a0&#8211; <em>Contr\u00f4le sensoriel de la prise alimentaire chez la truite : de la d\u00e9tection des nutriments \u00e0 l\u2019adaptation comportementale face aux changements environnementaux<\/em><br \/>\n&#8211; Coordinateur : J\u00e9r\u00f4me Roy \u2013 (NUMEA, St P\u00e9e sur Nivelle)<br \/>\n&#8211; Partenaires : <strong>David Jarriault (NutriNeuro) <\/strong>; Pablo Chamero (PRC, Tours) ; Lo\u00efc BRIAND (CSGA, Dijon)<\/p>\n<h3 class=\"redTitle\">CE37 &#8211; Neurosciences int\u00e9gratives et cognitives<\/h3>\n<p><strong>2Bdestab<\/strong> &#8211; <em>Etude de l\u2019engramme sous-tendant la m\u00e9moire de type PTSD : r\u00f4le des r\u00e9cepteurs NMDA dans le maintien de la m\u00e9moire traumatique<\/em><br \/>\n&#8211; Coordinatrice : <strong>Sophie Tronel (Neurocentre Magendie)<\/strong><br \/>\n&#8211; Partenaire : <strong>Olivier Nicole (IINS)<\/strong><\/p>\n<p><strong>FIBEROMICS<\/strong> &#8211; <em>Typologie de l\u2019organisation des fibres de la mati\u00e8re blanche au sein des faisceaux chez le cerveau des primates<\/em><br \/>\n&#8211; Coordinateur : <strong>Laurent Petit (IMN)<br \/>\n<\/strong>&#8211; Partenaires : <strong>Sandra Dovero (IMN)<\/strong>, Sylvain Miraux (CRMSB, Bordeaux), <strong>J\u00e9r\u00e9mie Teillon (BIC)<\/strong><\/p>\n<p><strong>PreCog<\/strong> &#8211; <em>Mod\u00e8les d&#8217;apprentissage automatique de neuroimagerie pr\u00e9-entra\u00een\u00e9s pour la s\u00e9gr\u00e9gation des fonctions cognitives<\/em><br \/>\n&#8211; Coordinateur : <strong>Michel Thi\u00e9baut de Schotten (IMN)<br \/>\n<\/strong>&#8211; Partenaires :\u00a0 Demian Wassermann (DataIA institute, Saclay) ; <strong>Valentina Pacella (IMN \/ VBHI, Bordeaux)<\/strong><\/p>\n<p><strong>SleepO2<\/strong> &#8211; <em>Interactions entre respiration et ripples hippocampiques pendant le sommeil : une \u00e9tude inter-esp\u00e8ces<\/em><br \/>\n&#8211; Coordinatrice : <strong>Lisa Roux (IINS)<\/strong><br \/>\n&#8211; Partenaires : <strong>J\u00e9r\u00f4me Aupy (IMN \/ CHU de Bordeaux)<\/strong> ;\u00a0<strong>Imad Ghorayeb (INCIA \/ CHU de Bordeaux)<\/strong><\/p>\n<p><strong>SynWIN<\/strong> &#8211; <em>Base synaptique de la maintenance des informations de la m\u00e9moire de travail dans les r\u00e9seaux n\u00e9ocorticaux<\/em><br \/>\n&#8211; Coordinateur : <strong>Fr\u00e9d\u00e9ric Lanore (IINS) <\/strong>&#8211; Partenaires : <strong>Arthur Leblois (IMN)<\/strong><\/p>\n","protected":false},"excerpt":{"rendered":"<p>F\u00e9licitations aux laur\u00e9ates et laur\u00e9ats.<\/p>\n","protected":false},"author":108,"featured_media":178170,"comment_status":"closed","ping_status":"closed","sticky":true,"template":"","format":"standard","meta":{"footnotes":""},"categories":[133],"tags":[],"class_list":["post-205146","post","type-post","status-publish","format-standard","has-post-thumbnail","hentry","category-fundings"],"_links":{"self":[{"href":"https:\/\/www.bordeaux-neurocampus.fr\/en\/wp-json\/wp\/v2\/posts\/205146","targetHints":{"allow":["GET"]}}],"collection":[{"href":"https:\/\/www.bordeaux-neurocampus.fr\/en\/wp-json\/wp\/v2\/posts"}],"about":[{"href":"https:\/\/www.bordeaux-neurocampus.fr\/en\/wp-json\/wp\/v2\/types\/post"}],"author":[{"embeddable":true,"href":"https:\/\/www.bordeaux-neurocampus.fr\/en\/wp-json\/wp\/v2\/users\/108"}],"replies":[{"embeddable":true,"href":"https:\/\/www.bordeaux-neurocampus.fr\/en\/wp-json\/wp\/v2\/comments?post=205146"}],"version-history":[{"count":14,"href":"https:\/\/www.bordeaux-neurocampus.fr\/en\/wp-json\/wp\/v2\/posts\/205146\/revisions"}],"predecessor-version":[{"id":205584,"href":"https:\/\/www.bordeaux-neurocampus.fr\/en\/wp-json\/wp\/v2\/posts\/205146\/revisions\/205584"}],"wp:featuredmedia":[{"embeddable":true,"href":"https:\/\/www.bordeaux-neurocampus.fr\/en\/wp-json\/wp\/v2\/media\/178170"}],"wp:attachment":[{"href":"https:\/\/www.bordeaux-neurocampus.fr\/en\/wp-json\/wp\/v2\/media?parent=205146"}],"wp:term":[{"taxonomy":"category","embeddable":true,"href":"https:\/\/www.bordeaux-neurocampus.fr\/en\/wp-json\/wp\/v2\/categories?post=205146"},{"taxonomy":"post_tag","embeddable":true,"href":"https:\/\/www.bordeaux-neurocampus.fr\/en\/wp-json\/wp\/v2\/tags?post=205146"}],"curies":[{"name":"wp","href":"https:\/\/api.w.org\/{rel}","templated":true}]}}