{"id":20429,"date":"2018-04-04T18:14:20","date_gmt":"2018-04-04T16:14:20","guid":{"rendered":"https:\/\/neurodev-ng.u-bordeaux.fr\/mathieu-wolff-fabien-alcaraz-et-al-dans-the-j-of-n\/"},"modified":"2018-04-04T18:14:20","modified_gmt":"2018-04-04T16:14:20","slug":"mathieu-wolff-fabien-alcaraz-et-al-dans-the-j-of-n","status":"publish","type":"post","link":"https:\/\/www.bordeaux-neurocampus.fr\/en\/mathieu-wolff-fabien-alcaraz-et-al-dans-the-j-of-n\/","title":{"rendered":"Mathieu Wolff, Fabien Alcaraz et al. dans <em>The J of N<\/em>"},"content":{"rendered":"<p><em><a class=\"external\" href=\"http:\/\/www.jneurosci.org\/content\/35\/38\/13183.short\"><strong>Flexible use of predictive cues beyond the orbitofrontal cortex: role of the submedius thalamic nucleus.<\/strong> <\/a>Fabien Alcaraz, Alain R. Marchand, Elisa Vidal, Alexandre Guillou, Ang\u00e9lique Faug\u00e8re, Etienne Coutureau, Mathieu Wolff. Journal of Neuroscience. 23 septembre 2015.<\/em><\/p>\n<p><em><strong><a class=\"external\" href=\"http:\/\/www.inb.u-bordeaux2.fr\/dev\/FR\/equipe.php?equipe=Neurobiologie%20des%20fonctions%20ex%E9cutives\">Team: Neurobiology of executive functions\/ <\/a><\/strong>Research team leader: Etienne Coutureau.<br \/>\n<\/em><em>Lab: Cognitive and Integrative Neuroscience &#8211; Aquitaine Institute &#8211; Jean-Ren\u00e9 Cazalets<\/em><\/p>\n<p><em><span class=\"image-wrapper frame\"><br \/>\n<\/span><br \/>\n<\/em><\/p>\n<p><strong><span class=\"image-wrapper frame floatleft\"><img loading=\"lazy\" decoding=\"async\" class=\"alignleft\" src=\"https:\/\/www.bordeaux-neurocampus.fr\/_contents-images\/ametys-internal%253Asites\/neurosciences\/ametys-internal%253Acontents\/wolff-m-neulearnmemo-actualite\/_metadata\/content\/_data\/Wolf-Mathieu150-2.jpg_190x150\" alt=\"\" width=\"150\" height=\"190\" \/><\/span> <\/strong><\/p>\n<p><em>Flexible use of predictive cues beyond the orbitofrontal cortex: role of the submedius thalamic nucleus. Fabien Alcaraz, Alain R. Marchand, Elisa Vidal, Alexandre Guillou, Ang\u00e9lique Faug\u00e8re, Etienne Coutureau, Mathieu Wolff. Journal of Neuroscience. 23 septembre 2015.<\/em><\/p>\n<p><em><strong>Sch\u00e9ma \/ Click and enlarge the picture<br \/>\n<\/strong><\/em><br \/>\n<em><span class=\"image-wrapper frame floatleft\"><a class=\"pirobox\" title=\"\" href=\"https:\/\/www.bordeaux-neurocampus.fr\/_contents\/ametys-internal%253Asites\/neurosciences\/ametys-internal%253Acontents\/wolff-m-neulearnmemo-actualite\/_metadata\/content\/_data\/SchemWolff.jpg\"  rel=\"lightbox[20429] single\"><img loading=\"lazy\" decoding=\"async\" class=\"alignleft\" src=\"https:\/\/www.bordeaux-neurocampus.fr\/_contents-images\/ametys-internal%253Asites\/neurosciences\/ametys-internal%253Acontents\/wolff-m-neulearnmemo-actualite\/_metadata\/content\/_data\/SchemWolff.jpg_151x100\" alt=\"\" width=\"100\" height=\"151\" \/><\/a><\/span><\/em><strong>A thalamocortical circuit for updating events predictions<\/strong><\/p>\n<p><strong>In a continuously changing world, living organisms must select appropriate options to fulfill their needs. Adaptive responding when unexpected events occur in the environment is critical for survival. In this study, we identify a thalamocortical circuit supporting such adaptive responding, based on a thalamic nucleus of previously unknown functions.<\/strong><\/p>\n<p>High order cognitive functions associated with adaptive behaviors are built upon elementary processes highly conserved between species. They are thought to be critically supported by the prefrontal cortex, classically considered as the most evolved brain region.<\/p>\n<p>To investigate whether neuronal circuits supporting these processes may extend beyond the prefrontal corex we first employed a tract-tracing approach to identify the principal sources of afferent of this cortical region. Dextran injections in the orbitofrontal cortex revealed unusually high labelling at the thalamic level, corresponding to the submedius thalamus, a brain region whose functions were not known.<\/p>\n<p>Second, we performed neurotoxic lesions of either the orbitofrontal or the submedius nucleus of the thalamus in separate cohorts of rats. These rats were then submitted to a task assessing the ability to make flexible use of Pavlovian associations (Figure 1B). None of the lesion prevented the rats from learning that auditory cues signaled the delivery of the reward. However, when the contingency between the conditional stimulus and the food reward was degraded by providing \u201cfree\u201d rewards (i.e. not signaled by the auditory cue) only sham rats exhibited adaptive responding by reducing their visits to the magazine during this specific stimulus.(Figure C)<\/p>\n<p>Collectively, these data point to the submedius nucleus as a critical component of a thalamocortical circuit supporting the updating of the contingency between relevant environmental items. Moreover, this suggests that numerous neuronal circuits supporting adaptive behaviors may rely on a specific functional contribution of the thalamus, in agreement with recent evidence in the literature <em>(Alcaraz et al., Brain Structure and Function 2014 ; Wolff et al., Neuroscience and Biobehavioral Reviews 2015).<\/em><br \/>\nUnderstanding the functional connectivity these specific thalamocortical circuits represents a major issue for the coming years with considerable relevance for many pathological conditions such as schizophrenia or addiction.<\/p>\n<p><em>Flexible use of predictive cues beyond the orbitofrontal cortex: role of the submedius thalamic nucleus. Fabien Alcaraz, Alain R. Marchand, Elisa Vidal, Alexandre Guillou, Ang\u00e9lique Faug\u00e8re, Etienne Coutureau, Mathieu Wolff. Journal of Neuroscience. 23 septembre 2015.<\/em><\/p>\n<p><span class=\"image-wrapper frame\"><img loading=\"lazy\" decoding=\"async\" src=\"https:\/\/www.bordeaux-neurocampus.fr\/_contents-images\/ametys-internal%253Asites\/neurosciences\/ametys-internal%253Acontents\/wolff-m-neulearnmemo-actualite\/_metadata\/content\/_data\/Trait720%2520violet%2520publi-2.jpg_2x520\" alt=\"\" width=\"520\" height=\"2\" \/><br \/>\n<\/span><br \/>\n<strong><a class=\"simple\" href=\"http:\/\/www2.cnrs.fr\/presse\/communique\/4227.htm\"><br \/>\n<\/a>See the press release from the CNRS<\/strong> :\u00a0<a class=\"simple\" href=\"http:\/\/www2.cnrs.fr\/presse\/communique\/4227.htm\">http:\/\/www2.cnrs.fr\/presse\/communiq&#8230;<\/a><strong><a class=\"simple\" href=\"http:\/\/www2.cnrs.fr\/presse\/communique\/4227.htm\"><br \/>\n<\/a><\/strong><\/p>\n<p><strong>University of Bordeaux<\/strong> :\u00a0<a class=\"simple\" href=\"http:\/\/www.u-bordeaux.fr\/Actualites\/De-la-recherche\/La-prise-de-decision-implique-une-zone-du-cerveau-jusqu-a-present-meconnue\">http:\/\/www.u-bordeaux.fr\/Actualites&#8230;<\/a><\/p>\n<p><strong>Sciences &amp; Avenir:<\/strong>\u00a0<a class=\"simple\" href=\"http:\/\/www.sciencesetavenir.fr\/sante\/cerveau-et-psy\/20150924.OBS6450\/cerveau-decouverte-d-une-zone-impliquee-dans-la-prise-de-decision.html\">http:\/\/www.sciencesetavenir.fr\/sant&#8230;<\/a><\/p>\n<p><strong>LesEchos.fr:<\/strong>\u00a0<a class=\"simple\" href=\"http:\/\/www.lesechos.fr\/idees-debats\/sciences-prospective\/021355262652-quand-notre-cerveau-prend-une-decision-1159748.php\">http:\/\/www.lesechos.fr\/idees-debats&#8230;<\/a><\/p>\n<p><strong>Blogs:<\/strong><br \/>\n<a class=\"simple\" href=\"http:\/\/adsedelacreativite.eklablog.com\/neurologie-quand-face-a-un-changement-dans-notre-environnement-il-faut-a118812948\">http:\/\/adsedelacreativite.eklablog&#8230;.<\/a><br \/>\n<a class=\"simple\" href=\"http:\/\/dyslectern.info\/2015\/09\/27\/the-thalamus-revisited\/\">http:\/\/dyslectern.info\/2015\/09\/27\/t&#8230;<\/a><\/p>\n<p><strong>Translation available at several places:\u00a0<\/strong><br \/>\n<a class=\"simple\" href=\"http:\/\/www2.cnrs.fr\/en\/2627.htm\">http:\/\/www2.cnrs.fr\/en\/2627.htm<\/a><br \/>\n<a class=\"simple\" href=\"http:\/\/medicalxpress.com\/news\/2015-09-decision-making-involves-brain-region.html\">http:\/\/medicalxpress.com\/news\/2015-&#8230;<\/a><br \/>\n<a class=\"simple\" href=\"http:\/\/www.sciencedaily.com\/releases\/2015\/09\/150923134243.htm\">http:\/\/www.sciencedaily.com\/release&#8230;<\/a><br \/>\n<a class=\"simple\" href=\"http:\/\/www.healthcanal.com\/brain-nerves\/67187-decision-making-involves-a-little-known-brain-region.html\">http:\/\/www.healthcanal.com\/brain-ne&#8230;<\/a><br \/>\n<a class=\"simple\" href=\"http:\/\/neurosciencenews.com\/decision-making-ofc-2737\/\">http:\/\/neurosciencenews.com\/decisio&#8230;<\/a><\/p>\n<p>Spanish version:\u00a0<a class=\"simple\" href=\"http:\/\/axxon.com.ar\/noticias\/2015\/09\/la-toma-de-decisiones-implica-una-poco-conocida-region-cerebral-en-el-talamo\/\">http:\/\/axxon.com.ar\/noticias\/2015\/0&#8230;<\/a><\/p>\n<p>Turkish version:\u00a0<a class=\"simple\" href=\"http:\/\/www.tipacilar.com\/karar-verme-mekanizmasinda-yeni-bir-bolge-kesfedildi\/\">http:\/\/www.tipacilar.com\/karar-verm&#8230;<\/a><\/p>\n<p><strong><a class=\"simple\" href=\"http:\/\/www2.cnrs.fr\/presse\/communique\/4227.htm\">\u00a0<\/a><\/strong><\/p>\n<p class=\"content-contact\"><a href=\"mailto:mathieu.wolff@u-bordeaux.fr\">Mathieu Wolff \/ Institut de Neurosciences Cognitives et Int\u00e9gratives d&#8217;Aquitaine CNRS UMR 5287 Universit\u00e9 de Bordeaux<\/a><\/p>\n<p class=\"content-contact\"><strong>Derni\u00e8re mise \u00e0 jour le 06.10.2015<\/strong><\/p>\n<h3 class=\"title\">1er auteur<\/h3>\n<p><em><strong><span class=\"image-wrapper frame\"><img loading=\"lazy\" decoding=\"async\" class=\"alignleft\" src=\"https:\/\/www.bordeaux-neurocampus.fr\/_contents-images\/ametys-internal%253Asites\/neurosciences\/ametys-internal%253Acontents\/wolff-m-neulearnmemo-article\/_metadata\/content\/_data\/Alcaraz150.jpg_198x150\" alt=\"\" width=\"150\" height=\"198\" \/><\/span>Fabien Alcaraz<br \/>\n<\/strong><\/em>.<em>.. soutiendra sa th\u00e8se le 17 d\u00e9cembre 2015 (co-supervision Etienne Coutureau \/ Mathieu Wolff), le d\u00e9tail des informations est \u00e0 venir d\u2019ici peu. Il pourra ensuite poursuivre ses travaux dans l\u2019\u00e9quipe DECAD pour finaliser un ultime projet gr\u00e2ce \u00e0 l\u2019obtention d\u2019une bourse de soudure du Labex Brain.<\/em><\/p>\n","protected":false},"excerpt":{"rendered":"<p>Flexible use of predictive cues beyond the orbitofrontal cortex: role of the submedius thalamic nucleus.<\/p>\n","protected":false},"author":108,"featured_media":0,"comment_status":"closed","ping_status":"closed","sticky":false,"template":"","format":"standard","meta":{"footnotes":""},"categories":[71],"tags":[],"class_list":["post-20429","post","type-post","status-publish","format-standard","hentry","category-highlight-en"],"_links":{"self":[{"href":"https:\/\/www.bordeaux-neurocampus.fr\/en\/wp-json\/wp\/v2\/posts\/20429","targetHints":{"allow":["GET"]}}],"collection":[{"href":"https:\/\/www.bordeaux-neurocampus.fr\/en\/wp-json\/wp\/v2\/posts"}],"about":[{"href":"https:\/\/www.bordeaux-neurocampus.fr\/en\/wp-json\/wp\/v2\/types\/post"}],"author":[{"embeddable":true,"href":"https:\/\/www.bordeaux-neurocampus.fr\/en\/wp-json\/wp\/v2\/users\/108"}],"replies":[{"embeddable":true,"href":"https:\/\/www.bordeaux-neurocampus.fr\/en\/wp-json\/wp\/v2\/comments?post=20429"}],"version-history":[{"count":0,"href":"https:\/\/www.bordeaux-neurocampus.fr\/en\/wp-json\/wp\/v2\/posts\/20429\/revisions"}],"wp:attachment":[{"href":"https:\/\/www.bordeaux-neurocampus.fr\/en\/wp-json\/wp\/v2\/media?parent=20429"}],"wp:term":[{"taxonomy":"category","embeddable":true,"href":"https:\/\/www.bordeaux-neurocampus.fr\/en\/wp-json\/wp\/v2\/categories?post=20429"},{"taxonomy":"post_tag","embeddable":true,"href":"https:\/\/www.bordeaux-neurocampus.fr\/en\/wp-json\/wp\/v2\/tags?post=20429"}],"curies":[{"name":"wp","href":"https:\/\/api.w.org\/{rel}","templated":true}]}}