{"id":197852,"date":"2026-04-27T11:13:16","date_gmt":"2026-04-27T09:13:16","guid":{"rendered":"https:\/\/www.bordeaux-neurocampus.fr\/maladie-dalzheimer-pourquoi-il-ne-faut-pas-abandonner-le-clinico-pathologique\/"},"modified":"2026-04-27T11:38:28","modified_gmt":"2026-04-27T09:38:28","slug":"maladie-dalzheimer-pourquoi-il-ne-faut-pas-abandonner-le-clinico-pathologique","status":"publish","type":"post","link":"https:\/\/www.bordeaux-neurocampus.fr\/en\/maladie-dalzheimer-pourquoi-il-ne-faut-pas-abandonner-le-clinico-pathologique\/","title":{"rendered":"Maladie d\u2019Alzheimer : pourquoi il ne faut pas abandonner le clinico-pathologique"},"content":{"rendered":"<div class=\"editor-visual-editor__post-title-wrapper edit-post-visual-editor__post-title-wrapper\" contenteditable=\"false\"><\/div>\n<div class=\"is-root-container is-desktop-preview is-layout-flow wp-block-post-content block-editor-block-list__layout\">\n<p>Le tout biologique va-t-il remplacer le clinico-pathologique dans le diagnostic des maladies neurod\u00e9g\u00e9n\u00e9ratives ? Pas s\u00fbr, pense le Pr Vincent Planche (neurologue, CHU de Bordeaux) lors d\u2019une session organis\u00e9e durant les <a href=\"https:\/\/www.jnlf.fr\/\">Journ\u00e9es de neurologie de langue fran\u00e7aise (14-17\u00a0avril\u00a02026)<\/a>.<\/p>\n<p><a href=\"https:\/\/www.univadis.fr\/viewarticle\/jnlf-2026-maladie-dalzheimer-pourquoi-il-ne-faut-pas-2026a1000bql\">Article Univadis<\/a><\/p>\n<\/div>\n","protected":false},"excerpt":{"rendered":"<p>Vincent Planche dans Univadis<\/p>\n","protected":false},"author":325,"featured_media":197855,"comment_status":"closed","ping_status":"closed","sticky":false,"template":"","format":"standard","meta":{"footnotes":""},"categories":[153],"tags":[],"class_list":["post-197852","post","type-post","status-publish","format-standard","has-post-thumbnail","hentry","category-neurocampus-in-the-media"],"_links":{"self":[{"href":"https:\/\/www.bordeaux-neurocampus.fr\/en\/wp-json\/wp\/v2\/posts\/197852","targetHints":{"allow":["GET"]}}],"collection":[{"href":"https:\/\/www.bordeaux-neurocampus.fr\/en\/wp-json\/wp\/v2\/posts"}],"about":[{"href":"https:\/\/www.bordeaux-neurocampus.fr\/en\/wp-json\/wp\/v2\/types\/post"}],"author":[{"embeddable":true,"href":"https:\/\/www.bordeaux-neurocampus.fr\/en\/wp-json\/wp\/v2\/users\/325"}],"replies":[{"embeddable":true,"href":"https:\/\/www.bordeaux-neurocampus.fr\/en\/wp-json\/wp\/v2\/comments?post=197852"}],"version-history":[{"count":1,"href":"https:\/\/www.bordeaux-neurocampus.fr\/en\/wp-json\/wp\/v2\/posts\/197852\/revisions"}],"predecessor-version":[{"id":197853,"href":"https:\/\/www.bordeaux-neurocampus.fr\/en\/wp-json\/wp\/v2\/posts\/197852\/revisions\/197853"}],"wp:featuredmedia":[{"embeddable":true,"href":"https:\/\/www.bordeaux-neurocampus.fr\/en\/wp-json\/wp\/v2\/media\/197855"}],"wp:attachment":[{"href":"https:\/\/www.bordeaux-neurocampus.fr\/en\/wp-json\/wp\/v2\/media?parent=197852"}],"wp:term":[{"taxonomy":"category","embeddable":true,"href":"https:\/\/www.bordeaux-neurocampus.fr\/en\/wp-json\/wp\/v2\/categories?post=197852"},{"taxonomy":"post_tag","embeddable":true,"href":"https:\/\/www.bordeaux-neurocampus.fr\/en\/wp-json\/wp\/v2\/tags?post=197852"}],"curies":[{"name":"wp","href":"https:\/\/api.w.org\/{rel}","templated":true}]}}