{"id":19275,"date":"2018-03-20T17:33:16","date_gmt":"2018-03-20T16:33:16","guid":{"rendered":"https:\/\/neurodev-ng.u-bordeaux.fr\/appel-a-candidatures-academie-des-sciences\/"},"modified":"2018-03-20T17:33:16","modified_gmt":"2018-03-20T16:33:16","slug":"appel-a-candidatures-academie-des-sciences","status":"publish","type":"post","link":"https:\/\/www.bordeaux-neurocampus.fr\/en\/appel-a-candidatures-academie-des-sciences\/","title":{"rendered":"Appel \u00e0 candidatures \/ Acad\u00e9mie des sciences"},"content":{"rendered":"<p><strong>Sorry in french<\/strong><\/p>\n<p><strong>Pour sa 13\u00e8me ann\u00e9e, l\u2019Acad\u00e9mie des sciences renouvelle l\u2019initiative \u00ab Les Grandes Avanc\u00e9es Fran\u00e7aises en Biologie pr\u00e9sent\u00e9es par leurs auteurs \u00bb.<\/strong><\/p>\n<p><strong>L\u2019Acad\u00e9mie des sciences organisera le mardi 5 juin 2018 \u00e0 14h30,<\/strong> une s\u00e9ance publique exceptionnelle au cours de laquelle les 6 jeunes chercheurs s\u00e9lectionn\u00e9s ainsi que leurs directeurs de recherche pr\u00e9senteront leurs contributions aux grandes avanc\u00e9es scientifiques fran\u00e7aises en biologie. Les laur\u00e9ats recevront le prix <em>Acad\u00e9mie des sciences \u2013 Grandes Avanc\u00e9es Fran\u00e7aises en Biologie.<\/em><br \/>\nL\u2019Acad\u00e9mie des sciences organise une s\u00e9ance publique au cours de laquelle seront pr\u00e9sent\u00e9es par leurs auteurs\u00a0six avanc\u00e9es scientifiques majeures en biologie, publi\u00e9es en 2017 ou 2018 dans des journaux de tr\u00e8s haut niveau.<\/p>\n<p><em>Les Laur\u00e9ats seront r\u00e9compens\u00e9s par une m\u00e9daille et un prix de 2500\u20ac<\/em><\/p>\n<p><em><br \/>\n<strong><span class=\"image-wrapper frame floatleft\"><a href=\"https:\/\/www.bordeaux-neurocampus.fr\/wp-content\/uploads\/2018\/03\/AcadSciences715.jpg\" rel=\"lightbox[19275]\"><img loading=\"lazy\" decoding=\"async\" class=\"alignnone size-full wp-image-18931\" src=\"https:\/\/www.bordeaux-neurocampus.fr\/wp-content\/uploads\/2018\/03\/AcadSciences715.jpg\" alt=\"\" width=\"715\" height=\"239\" srcset=\"https:\/\/www.bordeaux-neurocampus.fr\/wp-content\/uploads\/2018\/03\/AcadSciences715.jpg 715w, https:\/\/www.bordeaux-neurocampus.fr\/wp-content\/uploads\/2018\/03\/AcadSciences715-360x120.jpg 360w\" sizes=\"auto, (max-width: 715px) 100vw, 715px\" \/><\/a><br \/>\n<\/span><\/strong><br \/>\n<\/em><\/p>\n<p><strong><em>Formulaire\u00a0 d&#8217;inscription ci dessous\u00a0 \u00e0 retourner avant le 13 f\u00e9vrier 2018 par e-mail\u00a0<\/em><\/strong><\/p>\n<p><strong>APPEL \u00c0 CANDIDATURES<\/strong><br \/>\nChaque sujet sera pr\u00e9sent\u00e9 de la fa\u00e7on suivante :<br \/>\n\u2022 une introduction br\u00e8ve par le directeur de recherche<br \/>\n\u2022 l\u2019expos\u00e9 de ses r\u00e9sultats par le jeune biologiste, premier auteur<br \/>\n\u2022 questions aux orateurs et r\u00e9ponses<\/p>\n<p>La s\u00e9lection des candidats sera r\u00e9alis\u00e9e par un groupe de Membres de l\u2019Acad\u00e9mie des sciences, biologistes.<\/p>\n<p>Les formulaires de candidatures sont disponibles sur le site de l\u2019Acad\u00e9mie<\/p>\n<p><a href=\"http:\/\/www.academie-sciences.fr\/fr\/Appel-a-candidature\/appel-a-candidature-les-grandes-avancees-francaises-en-biologie-presentees-par-leurs-auteurs.html\">http:\/\/www.academie-sciences.fr<\/a><\/p>\n<p><a class=\"download\" href=\"https:\/\/www.bordeaux-neurocampus.fr\/_attachments\/grandes-avancees-actualite\/Formulaire_de_candidature%2520%25281%2529.doc?download=true\"><strong>T\u00e9l\u00e9charger le formulaire de candidature <\/strong><\/a><\/p>\n","protected":false},"excerpt":{"rendered":"<p>Sorry in french Pour sa 13\u00e8me ann\u00e9e, l\u2019Acad\u00e9mie des sciences renouvelle l\u2019initiative \u00ab Les Grandes Avanc\u00e9es Fran\u00e7aises en Biologie pr\u00e9sent\u00e9es par leurs auteurs \u00bb. L\u2019Acad\u00e9mie des sciences organisera le mardi 5 juin 2018 \u00e0 14h30, une s\u00e9ance publique exceptionnelle au cours de laquelle les 6 jeunes chercheurs s\u00e9lectionn\u00e9s ainsi que leurs directeurs de recherche pr\u00e9senteront&hellip;<\/p>\n","protected":false},"author":108,"featured_media":0,"comment_status":"closed","ping_status":"closed","sticky":false,"template":"","format":"standard","meta":{"footnotes":""},"categories":[],"tags":[],"class_list":["post-19275","post","type-post","status-publish","format-standard","hentry"],"_links":{"self":[{"href":"https:\/\/www.bordeaux-neurocampus.fr\/en\/wp-json\/wp\/v2\/posts\/19275","targetHints":{"allow":["GET"]}}],"collection":[{"href":"https:\/\/www.bordeaux-neurocampus.fr\/en\/wp-json\/wp\/v2\/posts"}],"about":[{"href":"https:\/\/www.bordeaux-neurocampus.fr\/en\/wp-json\/wp\/v2\/types\/post"}],"author":[{"embeddable":true,"href":"https:\/\/www.bordeaux-neurocampus.fr\/en\/wp-json\/wp\/v2\/users\/108"}],"replies":[{"embeddable":true,"href":"https:\/\/www.bordeaux-neurocampus.fr\/en\/wp-json\/wp\/v2\/comments?post=19275"}],"version-history":[{"count":0,"href":"https:\/\/www.bordeaux-neurocampus.fr\/en\/wp-json\/wp\/v2\/posts\/19275\/revisions"}],"wp:attachment":[{"href":"https:\/\/www.bordeaux-neurocampus.fr\/en\/wp-json\/wp\/v2\/media?parent=19275"}],"wp:term":[{"taxonomy":"category","embeddable":true,"href":"https:\/\/www.bordeaux-neurocampus.fr\/en\/wp-json\/wp\/v2\/categories?post=19275"},{"taxonomy":"post_tag","embeddable":true,"href":"https:\/\/www.bordeaux-neurocampus.fr\/en\/wp-json\/wp\/v2\/tags?post=19275"}],"curies":[{"name":"wp","href":"https:\/\/api.w.org\/{rel}","templated":true}]}}