{"id":185122,"date":"2025-06-21T16:49:46","date_gmt":"2025-06-21T14:49:46","guid":{"rendered":"https:\/\/www.bordeaux-neurocampus.fr\/la-lettre-des-neurosciences-printemps-ete-2025\/"},"modified":"2025-06-21T17:05:53","modified_gmt":"2025-06-21T15:05:53","slug":"la-lettre-des-neurosciences-printemps-ete-2025","status":"publish","type":"post","link":"https:\/\/www.bordeaux-neurocampus.fr\/en\/la-lettre-des-neurosciences-printemps-ete-2025\/","title":{"rendered":"La Lettre des Neurosciences &#8211; Printemps \/ \u00c9t\u00e9 2025"},"content":{"rendered":"<p><a href=\"https:\/\/www.neurosciences.asso.fr\/lalettre\/index.php\/revue\/issue\/view\/10\"><img loading=\"lazy\" decoding=\"async\" class=\"alignright wp-image-185119\" src=\"https:\/\/www.bordeaux-neurocampus.fr\/wp-content\/uploads\/2025\/06\/lettre-neuro-68-498x770.jpg\" alt=\"\" width=\"226\" height=\"350\" srcset=\"https:\/\/www.bordeaux-neurocampus.fr\/wp-content\/uploads\/2025\/06\/lettre-neuro-68-498x770.jpg 498w, https:\/\/www.bordeaux-neurocampus.fr\/wp-content\/uploads\/2025\/06\/lettre-neuro-68-233x360.jpg 233w, https:\/\/www.bordeaux-neurocampus.fr\/wp-content\/uploads\/2025\/06\/lettre-neuro-68.jpg 600w\" sizes=\"auto, (max-width: 226px) 100vw, 226px\" \/><\/a>La <a href=\"https:\/\/www.neurosciences.asso.fr\/lalettre\/index.php\/revue\/issue\/view\/10\/7\"><strong>Lettre des Neurosciences num\u00e9ro 68<\/strong><\/a> vient de para\u00eetre. Plusieurs bordelaises et bordelais ont collabor\u00e9 \u00e0 ce num\u00e9ro : Camille Jeunet-Kelway, Emeline Pierrieau, Aymar de Rugy, Fabien Wagner et Mathieu Wolff<\/p>\n<h3>Sommaire<\/h3>\n<p><strong>Histoire des Neurosciences<\/strong><br \/>\n<a href=\"https:\/\/www.neurosciences.asso.fr\/lalettre\/index.php\/revue\/article\/view\/98\"><em>La place de la neurophysiologie dans les d\u00e9buts de l\u2019intelligence l\u2019intelligence artificielle au cours des ann\u00e9es 1950.<\/em><\/a><br \/>\nPar Jean-Ga\u00ebl Barbara<\/p>\n<p><strong>Histoire des Neurosciences<\/strong><br \/>\n<a href=\"https:\/\/www.neurosciences.asso.fr\/lalettre\/index.php\/revue\/article\/view\/99\/99\"><em>Histoire de la Soci\u00e9t\u00e9 de Psychophysiologie et de Neurosciences Cognitives<\/em><\/a><br \/>\nPar Thomas Hinault, Henrique Sequeira, Aur\u00e9lie Bidet-Caulet, Anne Caclin, Marie Gomot, Nathalie George, Marie-H\u00e9l\u00e8ne Giard, Marie Timsit-Berthier<\/p>\n<p><strong>Dossier<\/strong><br \/>\n<a href=\"https:\/\/www.neurosciences.asso.fr\/lalettre\/index.php\/revue\/dossier\/view\/10\"><em>Dialogues entre neurosciences et IA<\/em><\/a><\/p>\n<p style=\"padding-left: 40px;\"><a href=\"https:\/\/www.neurosciences.asso.fr\/lalettre\/index.php\/revue\/article\/view\/90\/90\"><em>Le neurofeedback : histoire, usages et d\u00e9fis<\/em><\/a><br \/>\nPar Camille Jeunet-Kelway, Emeline Pierrieau<\/p>\n<p style=\"padding-left: 40px;\"><em>I<a href=\"https:\/\/www.neurosciences.asso.fr\/lalettre\/index.php\/revue\/article\/view\/91\/91\">nterfaces Cerveau-Machine\u202f: Vers une Symbiose Humain-Technologie<\/a><\/em><br \/>\nPar Emanuelle Reynaud<\/p>\n<p style=\"padding-left: 40px;\"><a href=\"https:\/\/www.neurosciences.asso.fr\/lalettre\/index.php\/revue\/article\/view\/92\/92\"><em>Tester nos th\u00e9ories cognitives avec l\u2019Intelligence Artificielle (IA) moderne : le cas du Global Workspace<\/em><\/a><br \/>\nPar Ruffin Vanrullen<\/p>\n<p style=\"padding-left: 40px;\"><a href=\"https:\/\/www.neurosciences.asso.fr\/lalettre\/index.php\/revue\/article\/view\/93\/93\"><em>Neuroproth\u00e8ses pour restaurer la marche apr\u00e8s une l\u00e9sion de la moelle \u00e9pini\u00e8re<\/em><\/a><br \/>\nPar Fabien Wagner<\/p>\n<p style=\"padding-left: 40px;\"><a href=\"https:\/\/www.neurosciences.asso.fr\/lalettre\/index.php\/revue\/article\/view\/94\/94\"><em>Interface cerveau-machine pour la restauration du mouvement: l\u2019Intelligence Artificielle au c\u0153ur de l&#8217;activit\u00e9 corticale<\/em><\/a><br \/>\nPar Guillaume Charvet, Fabien Sauter-Starace, Tetiana Aksenova<\/p>\n<p style=\"padding-left: 40px;\"><a href=\"https:\/\/www.neurosciences.asso.fr\/lalettre\/index.php\/revue\/article\/view\/95\/95\"><em>Contr\u00f4le sensorimoteur naturel d\u2019un bras artificiel<\/em><\/a><br \/>\nPar Aymar de Rugy<\/p>\n<p style=\"padding-left: 40px;\"><a href=\"https:\/\/www.neurosciences.asso.fr\/lalettre\/index.php\/revue\/article\/view\/96\/96\"><em>Mod\u00e9lisation et exploration de graphes d\u2019IRMs c\u00e9r\u00e9brales sans a priori anatomiques<\/em><\/a><br \/>\nPar Antoine Bourlier, Mohamed Slimane, Jean-Yves Ramel, Elodie Chaillou<\/p>\n<p style=\"padding-left: 40px;\"><a href=\"https:\/\/www.neurosciences.asso.fr\/lalettre\/index.php\/revue\/article\/view\/97\/97\"><em>Les architectes de l\u2019ombre : comprendre et mod\u00e9liser les processus de construction collective des nids d&#8217;oiseau<\/em><\/a><br \/>\nPar Guy Theraulaz<\/p>\n<p><strong>Tribune libre &#8211; Question d&#8217;actualit\u00e9<\/strong><br \/>\n<a href=\"https:\/\/www.neurosciences.asso.fr\/lalettre\/index.php\/revue\/article\/view\/102\"><em>Comment mener des recherches exp\u00e9rimentales en milieu scolaire ?<\/em><\/a><br \/>\nPar S\u00e9bastien Goudeau, Matthew J. Easterbrook, Marie-Pierre Fayant<\/p>\n<p><strong>Nouveaut\u00e9s en Neurosciences<\/strong><br \/>\n<a href=\"https:\/\/www.neurosciences.asso.fr\/lalettre\/index.php\/revue\/article\/view\/101\"><em>Le thalamus cognitif<\/em><\/a><br \/>\nPar Mathieu Wolff<\/p>\n<p><strong>Hommage<br \/>\n<\/strong><a href=\"https:\/\/www.neurosciences.asso.fr\/lalettre\/index.php\/revue\/article\/view\/100\">Hommage au Professeur Marie-Jo Besson<\/a><br \/>\nPar Jocelyne Caboche, Jean-Antoine Girault, Peter Vanhoutte, Emmanuel Valjent, Sylvie Retaux, Karen Brami-Cherrier, Marie-Lou Kemel<\/p>\n<p><strong>R\u00e9alisation :<\/strong><br \/>\nSoci\u00e9t\u00e9 des Neurosciences<\/p>\n","protected":false},"excerpt":{"rendered":"<p>Num\u00e9ro 68 vient de para\u00eetre. Plusieurs bordelaises et bordelais ont collabor\u00e9 \u00e0 ce num\u00e9ro : Philippe Ciofi, Camille Jeunet-Kelway, Emeline Pierrieau, Aymar de Rugy\u00a0 Fabien Wagner et Mathieu Wolff<\/p>\n","protected":false},"author":108,"featured_media":160499,"comment_status":"closed","ping_status":"closed","sticky":false,"template":"","format":"standard","meta":{"footnotes":""},"categories":[1],"tags":[],"class_list":["post-185122","post","type-post","status-publish","format-standard","has-post-thumbnail","hentry","category-news-neurocampus"],"_links":{"self":[{"href":"https:\/\/www.bordeaux-neurocampus.fr\/en\/wp-json\/wp\/v2\/posts\/185122","targetHints":{"allow":["GET"]}}],"collection":[{"href":"https:\/\/www.bordeaux-neurocampus.fr\/en\/wp-json\/wp\/v2\/posts"}],"about":[{"href":"https:\/\/www.bordeaux-neurocampus.fr\/en\/wp-json\/wp\/v2\/types\/post"}],"author":[{"embeddable":true,"href":"https:\/\/www.bordeaux-neurocampus.fr\/en\/wp-json\/wp\/v2\/users\/108"}],"replies":[{"embeddable":true,"href":"https:\/\/www.bordeaux-neurocampus.fr\/en\/wp-json\/wp\/v2\/comments?post=185122"}],"version-history":[{"count":3,"href":"https:\/\/www.bordeaux-neurocampus.fr\/en\/wp-json\/wp\/v2\/posts\/185122\/revisions"}],"predecessor-version":[{"id":185127,"href":"https:\/\/www.bordeaux-neurocampus.fr\/en\/wp-json\/wp\/v2\/posts\/185122\/revisions\/185127"}],"wp:featuredmedia":[{"embeddable":true,"href":"https:\/\/www.bordeaux-neurocampus.fr\/en\/wp-json\/wp\/v2\/media\/160499"}],"wp:attachment":[{"href":"https:\/\/www.bordeaux-neurocampus.fr\/en\/wp-json\/wp\/v2\/media?parent=185122"}],"wp:term":[{"taxonomy":"category","embeddable":true,"href":"https:\/\/www.bordeaux-neurocampus.fr\/en\/wp-json\/wp\/v2\/categories?post=185122"},{"taxonomy":"post_tag","embeddable":true,"href":"https:\/\/www.bordeaux-neurocampus.fr\/en\/wp-json\/wp\/v2\/tags?post=185122"}],"curies":[{"name":"wp","href":"https:\/\/api.w.org\/{rel}","templated":true}]}}