{"id":181587,"date":"2025-03-07T15:07:57","date_gmt":"2025-03-07T14:07:57","guid":{"rendered":"https:\/\/www.bordeaux-neurocampus.fr\/semaine-du-cerveau-accueil-de-lyceens-et-etudiants\/"},"modified":"2025-03-08T16:43:33","modified_gmt":"2025-03-08T15:43:33","slug":"semaine-du-cerveau-accueil-de-lyceens-et-etudiants","status":"publish","type":"post","link":"https:\/\/www.bordeaux-neurocampus.fr\/en\/semaine-du-cerveau-accueil-de-lyceens-et-etudiants\/","title":{"rendered":"Semaine du cerveau : accueil de lyc\u00e9ens et \u00e9tudiants"},"content":{"rendered":"<p><a href=\"https:\/\/www.bordeaux-neurocampus.fr\/wp-content\/uploads\/2019\/01\/logo-semaineducerveau-360x323.jpg\" rel=\"lightbox[181587]\"><img loading=\"lazy\" decoding=\"async\" class=\"alignright wp-image-103756\" src=\"https:\/\/www.bordeaux-neurocampus.fr\/wp-content\/uploads\/2019\/01\/logo-semaineducerveau-360x323.jpg\" alt=\"Semaine du cerveau\" width=\"182\" height=\"163\" srcset=\"https:\/\/www.bordeaux-neurocampus.fr\/wp-content\/uploads\/2019\/01\/logo-semaineducerveau-360x323.jpg 360w, https:\/\/www.bordeaux-neurocampus.fr\/wp-content\/uploads\/2019\/01\/logo-semaineducerveau.jpg 390w\" sizes=\"auto, (max-width: 182px) 100vw, 182px\" \/><\/a> L&#8217;accueil de coll\u00e9giens, lyc\u00e9ens et \u00e9tudiants est l&#8217;un des moments phare de la Semaine du cerveau \u00e0 Bordeaux depuis des ann\u00e9es.<\/p>\n<p>A deux reprises, des groupes seront accueillis dans nos laboratoires cette semaine &#8211; voir les informations ci-dessous -, tandis que du personnel de recherche se rendra au <strong>coll\u00e8ge Fran\u00e7ois Mitterrand<\/strong> de Cr\u00e9on ce lundi 10 mars. De d\u00e9placement est organis\u00e9 par Cap Sciences.<\/p>\n<p>Un immense merci \u00e0 tous les b\u00e9n\u00e9voles et \u00e0 tous les partenaires, encore tr\u00e8s nombreux cette ann\u00e9e.<\/p>\n<p>Coordinatrice des activit\u00e9s pour les jeunes \/ Relations avec les \u00e9tablissements scolaires : Rabia Bouali-Benazzouz (IMN)<\/p>\n<p><a href=\"https:\/\/www.bordeaux-neurocampus.fr\/wp-content\/uploads\/2025\/03\/Programme-10-et-13-Mars.pdf\"><strong>T\u00e9l\u00e9charger le programme (pdf)<\/strong><\/a><\/p>\n<h3>Lundi 10 mars &#8211; Journ\u00e9e &#8220;Handicap associ\u00e9 aux maladies neurod\u00e9g\u00e9n\u00e9ratives&#8221;<\/h3>\n<p>Accueil d&#8217;\u00e9tudiants de l&#8217;organisme de formation Skills Major<br \/>\nOrganis\u00e9e par les associations Amane 33 et la Maison du Cerveau (MdC), et l\u2019IMN.<\/p>\n<p><strong>Programme :<\/strong><br \/>\n&#8211; Jeu p\u00e9dagogique : Cerveau manoir &#8220;Chasse aux maladies c\u00e9r\u00e9brales&#8221; par Mathilde Tortochot-Megne &amp; Tatiana Dupak (Doctorantes \u00e0 l&#8217;IINS)<br \/>\n&#8211; Pr\u00e9sentation : Cerveau normal \/ Cerveau malade : par Rabia Bouali Benazzouz (IMN, MdC, Amane 33)<br \/>\n&#8211; Projection du film sur les aidants de la Maison du cerveau r\u00e9alis\u00e9 par Karim Jbali, journaliste \u00e0 France T\u00e9l\u00e9vision. Suivie d\u2019un d\u00e9bat<br \/>\n&#8211; Pr\u00e9sentation : &#8220;SEP et Emploi&#8221;. Par Fran\u00e7ois TARADE (MdC)<br \/>\n&#8211; Vivre le ressenti des patients touch\u00e9s par Parkinson ou Alzheimer. Par Alain Lacave (MdC)<\/p>\n<h3>Jeudi 13 mars &#8211; Accueil de lyc\u00e9ens au centre Broca<\/h3>\n<p>&#8211; Lyc\u00e9e Montesquieu &#8211; Bordeaux<br \/>\n&#8211; Nord Bassin &#8211; Andernos<br \/>\n&#8211; Lyc\u00e9e Gaston Crampe &#8211; Aire sur l&#8217;Adour<br \/>\n&#8211; Lyc\u00e9e Victor Louis &#8211; Talence<br \/>\n&#8211; Lyc\u00e9e Les Iris &#8211; Lormont<\/p>\n<p style=\"padding-left: 40px;\"><strong>Programme<\/strong> :<br \/>\n&#8211; Conf\u00e9rence : \u00ab Cerveau et Nutrition chez les jeunes \u00bb, par Guillaume Ferreira.<br \/>\n&#8211; Table ronde entre jeunes : \u00e9change sur les parcours et la recherche en cours \u00e0 Bordeaux Neurocampus (doctorants\/post doctorants et lyc\u00e9ens) anim\u00e9e par 22 intervenants<br \/>\n&#8211; Visite du Campus Carreire<br \/>\n&#8211; Ateliers (2 par groupe) anim\u00e9s par 45 intervenants<br \/>\n&#8211; Forum autour des m\u00e9tiers de la recherche : Recherche &amp; Enseignement Sup\u00e9rieur, M\u00e9decine, Pharmacie, Communication scientifique, Formation &amp; Education, Entrepreneuriat et Commerce. Anim\u00e9 par 6 intervenants, anciens \u00e9tudiants ou anciens post-doctorants de Bordeaux Neurocampus.<\/p>\n<p><em>Avec la participation de personnels des instituts de Bordeaux Neurocampus et du BRIC, de l&#8217;association des \u00e9tudiants en neurosciences (NBA), de la Maison du cerveau et d&#8217;Amane33.<\/em><\/p>\n<h2 class=\"redTitle\">A propos \/ Contacts<\/h2>\n<p>Organis\u00e9e chaque ann\u00e9e au mois de mars depuis 1999, la Semaine du Cerveau est coordonn\u00e9e en France par la\u00a0<a href=\"https:\/\/neurosciences.asso.fr\/\" target=\"_blank\" rel=\"noopener noreferrer\"><strong>Soci\u00e9t\u00e9 des Neurosciences<\/strong><\/a>.<\/p>\n<p>A Bordeaux :<br \/>\n&#8211; Coordinateur local : Abdelhamid Benazzouz (IMN)<br \/>\n&#8211; Coordinatrice des activit\u00e9s pour les jeunes \/ Relations avec les \u00e9tablissements scolaires : Rabia Bouali-Benazzouz (IMN)<br \/>\n&#8211; Relations avec les partenaires \/ Communication \/ Relations presse : Arnaud Rodriguez (Bordeaux Neurocampus)<\/p>\n","protected":false},"excerpt":{"rendered":"<p>Lundi 10 mars et jeudi 13 mars<\/p>\n","protected":false},"author":108,"featured_media":109493,"comment_status":"closed","ping_status":"closed","sticky":false,"template":"","format":"standard","meta":{"footnotes":""},"categories":[58],"tags":[],"class_list":["post-181587","post","type-post","status-publish","format-standard","has-post-thumbnail","hentry","category-evenement-en"],"_links":{"self":[{"href":"https:\/\/www.bordeaux-neurocampus.fr\/en\/wp-json\/wp\/v2\/posts\/181587","targetHints":{"allow":["GET"]}}],"collection":[{"href":"https:\/\/www.bordeaux-neurocampus.fr\/en\/wp-json\/wp\/v2\/posts"}],"about":[{"href":"https:\/\/www.bordeaux-neurocampus.fr\/en\/wp-json\/wp\/v2\/types\/post"}],"author":[{"embeddable":true,"href":"https:\/\/www.bordeaux-neurocampus.fr\/en\/wp-json\/wp\/v2\/users\/108"}],"replies":[{"embeddable":true,"href":"https:\/\/www.bordeaux-neurocampus.fr\/en\/wp-json\/wp\/v2\/comments?post=181587"}],"version-history":[{"count":6,"href":"https:\/\/www.bordeaux-neurocampus.fr\/en\/wp-json\/wp\/v2\/posts\/181587\/revisions"}],"predecessor-version":[{"id":181610,"href":"https:\/\/www.bordeaux-neurocampus.fr\/en\/wp-json\/wp\/v2\/posts\/181587\/revisions\/181610"}],"wp:featuredmedia":[{"embeddable":true,"href":"https:\/\/www.bordeaux-neurocampus.fr\/en\/wp-json\/wp\/v2\/media\/109493"}],"wp:attachment":[{"href":"https:\/\/www.bordeaux-neurocampus.fr\/en\/wp-json\/wp\/v2\/media?parent=181587"}],"wp:term":[{"taxonomy":"category","embeddable":true,"href":"https:\/\/www.bordeaux-neurocampus.fr\/en\/wp-json\/wp\/v2\/categories?post=181587"},{"taxonomy":"post_tag","embeddable":true,"href":"https:\/\/www.bordeaux-neurocampus.fr\/en\/wp-json\/wp\/v2\/tags?post=181587"}],"curies":[{"name":"wp","href":"https:\/\/api.w.org\/{rel}","templated":true}]}}