{"id":176866,"date":"2024-10-23T22:52:43","date_gmt":"2024-10-23T20:52:43","guid":{"rendered":"https:\/\/www.bordeaux-neurocampus.fr\/?p=176866"},"modified":"2024-11-15T12:29:13","modified_gmt":"2024-11-15T11:29:13","slug":"bordeaux-neurocampus-fete-ses-30-ans","status":"publish","type":"post","link":"https:\/\/www.bordeaux-neurocampus.fr\/en\/bordeaux-neurocampus-fete-ses-30-ans\/","title":{"rendered":"Bordeaux Neurocampus f\u00eate ses 30 ans"},"content":{"rendered":"<p>Jeudi 14 novembre, Bordeaux Neurocampus c\u00e9l\u00e8brera les 30 ans de la cr\u00e9ation de l&#8217;Institut f\u00e9d\u00e9ratif de recherche (IFR) biom\u00e9dicale en neurosciences cliniques et exp\u00e9rimentales.<\/p>\n<p>D\u00e8s le XIX\u00e8me si\u00e8cle, les m\u00e9decins bordelais se sont int\u00e9ress\u00e9s au cerveau et \u00e0 ses maladies. Bordeaux a ainsi vu \u00e9merger plusieurs grandes figures de la neurologie fran\u00e7aise au cours du XXeme si\u00e8cle. \u00c0 partir des ann\u00e9es 1960, la communaut\u00e9 des neurosciences locale, \u00e0 Bordeaux et Arcachon, se renforce pour atteindre un niveau reconnu internationalement.<\/p>\n<p><strong>Le 1er janvier 1994<\/strong>, un institut f\u00e9d\u00e9ratif de recherche (IFR) biom\u00e9dicale en neurosciences cliniques et exp\u00e9rimentales est cr\u00e9\u00e9 \u00e0 Bordeaux sous la direction de Michel Le Moal. Cette \u00e9tape, en parall\u00e8le de son projet de construction de l&#8217;institut Fran\u00e7ois Magendie, fut le premier jalon d&#8217;une <a href=\"https:\/\/www.bordeaux-neurocampus.fr\/qui-sommes-nous\/bordeaux-neurocampus\/notre-histoire\/\">structuration administrative qui \u00e9voluera au fil des ans<\/a> pour \u00eatre, aujourd&#8217;hui, une communaut\u00e9 de pr\u00e8s de 800 personnes regroup\u00e9es sur un m\u00eame site.<\/p>\n<p>Bordeaux Neurocampus souhaite donc aujourd&#8217;hui c\u00e9l\u00e9brer cet anniversaire. Surtout, au-del\u00e0 du regard sur l&#8217;ann\u00e9e charni\u00e8re que fut 1994, il s&#8217;agit de saluer l&#8217;engagement des nombreux acteurs et d&#8217;analyser les sp\u00e9cificit\u00e9s et l&#8217;\u00e9volution de cette communaut\u00e9 aujourd&#8217;hui soud\u00e9e et attractive.<\/p>\n<p>La c\u00e9r\u00e9monie aura lieu au Centre Broca Nouvelle-Aquitaine et, <strong>sera retransmise en direct sur la <a href=\"https:\/\/www.youtube.com\/bordeauxneurocampus\">cha\u00eene YouTube<\/a><\/strong> de Bordeaux Neurocampus. L&#8217;inscription au cocktail seul est possible.<\/p>\n<h3>Programme<\/h3>\n<p><strong>16h &#8211; 16h25 &#8211; Discours d&#8217;ouverture<\/strong><br \/>\n&#8211; Mot de bienvenue de M. J\u00e9r\u00f4me Baufreton ; directeur du D\u00e9partement Bordeaux Neurocampus<br \/>\n&#8211; Discours de M. Dean Lewis ; pr\u00e9sident de l\u2019universit\u00e9 de Bordeaux<br \/>\n&#8211; Discours de M. Alain Rousset ; pr\u00e9sident du conseil r\u00e9gional de Nouvelle-Aquitaine<\/p>\n<p><strong>16h25 &#8211; 17h30\u00a0<\/strong><br \/>\n&#8211; T\u00e9moignages vid\u00e9o des repr\u00e9sentants des partenaires de l&#8217;IFR en 1994, hors universit\u00e9 (CHU, Centre hospitalier Charles Perrens, CNRS, Inserm)<br \/>\n&#8211; Intervention de M. Bernard Bioulac ; professeur \u00e9m\u00e9rite de l&#8217;universit\u00e9 de Bordeaux, directeur de l&#8217;IFR de 2003 \u00e0 2009<br \/>\n&#8211; Intervention de M. Daniel Choquet ; porteur du Grand Programme de Recherche BRAIN_2030, directeur du LabEx BRAIN de 2011 \u00e0 2021<br \/>\n&#8211; Intervention de Mme Agn\u00e8s Nadjar ; directrice de l\u2019\u00e9cole universitaire de recherche en neurosciences<\/p>\n<p><strong>17h30 <\/strong><br \/>\nCocktail.<\/p>\n<h3>Inscription<\/h3>\n<p><a href=\"https:\/\/framaforms.org\/bordeaux-neurocampus-celebration-des-30-ans-de-lifr-1726319683\">https:\/\/framaforms.org\/bordeaux-neurocampus-celebration-des-30-ans-de-lifr-1726319683<\/a><\/p>\n<p>Contact : <a href=\"mailto:arnaud.rodriguez@u-bordeaux.fr\">Arnaud Rodriguez<\/a><\/p>\n","protected":false},"excerpt":{"rendered":"<p>Jeudi 14 novembre.<\/p>\n","protected":false},"author":108,"featured_media":176868,"comment_status":"closed","ping_status":"closed","sticky":false,"template":"","format":"standard","meta":{"footnotes":""},"categories":[82,58],"tags":[],"class_list":["post-176866","post","type-post","status-publish","format-standard","has-post-thumbnail","hentry","category-between-us","category-evenement-en"],"_links":{"self":[{"href":"https:\/\/www.bordeaux-neurocampus.fr\/en\/wp-json\/wp\/v2\/posts\/176866","targetHints":{"allow":["GET"]}}],"collection":[{"href":"https:\/\/www.bordeaux-neurocampus.fr\/en\/wp-json\/wp\/v2\/posts"}],"about":[{"href":"https:\/\/www.bordeaux-neurocampus.fr\/en\/wp-json\/wp\/v2\/types\/post"}],"author":[{"embeddable":true,"href":"https:\/\/www.bordeaux-neurocampus.fr\/en\/wp-json\/wp\/v2\/users\/108"}],"replies":[{"embeddable":true,"href":"https:\/\/www.bordeaux-neurocampus.fr\/en\/wp-json\/wp\/v2\/comments?post=176866"}],"version-history":[{"count":11,"href":"https:\/\/www.bordeaux-neurocampus.fr\/en\/wp-json\/wp\/v2\/posts\/176866\/revisions"}],"predecessor-version":[{"id":177666,"href":"https:\/\/www.bordeaux-neurocampus.fr\/en\/wp-json\/wp\/v2\/posts\/176866\/revisions\/177666"}],"wp:featuredmedia":[{"embeddable":true,"href":"https:\/\/www.bordeaux-neurocampus.fr\/en\/wp-json\/wp\/v2\/media\/176868"}],"wp:attachment":[{"href":"https:\/\/www.bordeaux-neurocampus.fr\/en\/wp-json\/wp\/v2\/media?parent=176866"}],"wp:term":[{"taxonomy":"category","embeddable":true,"href":"https:\/\/www.bordeaux-neurocampus.fr\/en\/wp-json\/wp\/v2\/categories?post=176866"},{"taxonomy":"post_tag","embeddable":true,"href":"https:\/\/www.bordeaux-neurocampus.fr\/en\/wp-json\/wp\/v2\/tags?post=176866"}],"curies":[{"name":"wp","href":"https:\/\/api.w.org\/{rel}","templated":true}]}}