{"id":168191,"date":"2024-02-20T09:41:08","date_gmt":"2024-02-20T08:41:08","guid":{"rendered":"https:\/\/www.bordeaux-neurocampus.fr\/deces-de-mireille-montcouquiol\/"},"modified":"2024-02-29T18:24:08","modified_gmt":"2024-02-29T17:24:08","slug":"deces-de-mireille-montcouquiol","status":"publish","type":"post","link":"https:\/\/www.bordeaux-neurocampus.fr\/en\/deces-de-mireille-montcouquiol\/","title":{"rendered":"D\u00e9c\u00e8s de Mireille Montcouquiol"},"content":{"rendered":"<p><img loading=\"lazy\" decoding=\"async\" class=\"alignright size-medium wp-image-168187\" src=\"https:\/\/www.bordeaux-neurocampus.fr\/wp-content\/uploads\/2024\/02\/Montcouquiol-mireille-2-239x360.jpg\" alt=\"\" width=\"239\" height=\"360\" srcset=\"https:\/\/www.bordeaux-neurocampus.fr\/wp-content\/uploads\/2024\/02\/Montcouquiol-mireille-2-239x360.jpg 239w, https:\/\/www.bordeaux-neurocampus.fr\/wp-content\/uploads\/2024\/02\/Montcouquiol-mireille-2-512x770.jpg 512w, https:\/\/www.bordeaux-neurocampus.fr\/wp-content\/uploads\/2024\/02\/Montcouquiol-mireille-2.jpg 600w\" sizes=\"auto, (max-width: 239px) 100vw, 239px\" \/><\/p>\n<p class=\"lead\">Un livre d\u2019or est disponible dans le hall de l\u2019institut Magendie durant plusieurs semaines pour exprimer ses hommages et un espace est adapt\u00e9 pour celles et ceux qui souhaiteraient d\u00e9poser des fleurs.<\/p>\n<p>C\u2019est avec une immense tristesse que nous avons appris le d\u00e9c\u00e8s soudain de Mireille Montcouquiol, Directrice de recherche Inserm, co-responsable de l&#8217;\u00e9quipe &#8220;Polarit\u00e9 planaire et plasticit\u00e9&#8221; au Neurocentre Magendie, Inserm U1215, et co-responsable de la plateforme BioProt du D\u00e9partement Bordeaux Neurocampus lab\u00e9lis\u00e9e par la f\u00e9d\u00e9ration des plateformes de l\u2019Universit\u00e9 de Bordeaux depuis plusieurs ann\u00e9es.<\/p>\n<p>Depuis sa th\u00e8se \u00e0 l\u2019Universit\u00e9 de Montpellier, le travail de recherche de Mireille Montcouquiol portait sur le d\u00e9veloppement des cellules sensorielles de l\u2019oreille interne. Ces derni\u00e8res ann\u00e9es, elle s\u2019int\u00e9ressait plus particuli\u00e8rement \u00e0 la partie responsable de l&#8217;audition et aux mutations de g\u00e8nes conduisant \u00e0 des d\u00e9ficits auditifs, mais restait passionn\u00e9e par la fonction de l&#8217;\u00e9quilibre qu\u2019elle avait commenc\u00e9 par \u00e9tudier pendant sa th\u00e8se. Depuis une dizaine d\u2019ann\u00e9es, ses travaux s\u2019\u00e9taient \u00e9galement \u00e9tendus au d\u00e9veloppement du syst\u00e8me nerveux central.<\/p>\n<p>N\u00e9e \u00e0 N\u00eemes le 14 f\u00e9vrier 1969, Mireille Montcouquiol obtient son doctorat en neurosciences \u00e0 l\u2019universit\u00e9 de Montpellier en 1997. Elle d\u00e9bute sa carri\u00e8re en \u00e9lucidant les bases mol\u00e9culaires et cellulaires du d\u00e9veloppement de l&#8217;oreille interne (syst\u00e8me d&#8217;audition et d&#8217;\u00e9quilibre). Apr\u00e8s son doctorat, elle compl\u00e8te aux USA deux contrats post-doctoraux, l\u2019un \u00e0 l\u2019universit\u00e9 de Virginie (Laboratoire de Jeffrey T. Corwin), l\u2019autre au National Institute of Health, dans le Maryland (Laboratoire de Matthew Kelley).<\/p>\n<p>En 2003, elle d\u00e9couvre le premier g\u00e8ne central de la polarit\u00e9 planaire cellulaire (PCP), Vangl2, et la prot\u00e9ine de polarit\u00e9 associ\u00e9e Scribble, dans le mod\u00e8le mammif\u00e8re de l\u2019organe auditif. Cette \u00e9tude pionni\u00e8re et originale publi\u00e9e dans Nature fera date et ouvrira la porte \u00e0 un grand nombre d\u2019\u00e9tudes concernant la signalisation de la voie PCP au cours du d\u00e9veloppement physiologique et pathologique.<\/p>\n<p>Laur\u00e9ate du programme \u00ab Avenir \u00bb de l\u2019Inserm en 2004, elle devient cheffe d\u2019\u00e9quipe \u00e9mergente \u00ab Neurosciences du d\u00e9veloppement \u00bb au Neurocentre Magendie. Elle instaure en France une th\u00e9matique in\u00e9dite sur l\u2019\u00e9tude des fonctions et m\u00e9canismes de la PCP dans l&#8217;oreille interne. Elle est recrut\u00e9e en tant que chercheuse \u00e0 l\u2019Inserm en 2007 et son \u00e9quipe fusionne en 2011 avec celle de Nathalie Sans pour cr\u00e9er l\u2019\u00e9quipe \u00ab Polarit\u00e9 planaire et plasticit\u00e9 \u00bb. Elle \u00e9tend alors ses recherches au r\u00f4le de la signalisation PCP dans le d\u00e9veloppement et le fonctionnement du cerveau. En unissant leur expertise compl\u00e9mentaire, Mireille Montcouquiol et Nathalie Sans ont \u00e9t\u00e9 les instigatrices d\u2019une approche qui s\u2019av\u00e9rera particuli\u00e8rement pertinente pour l\u2019\u00e9tude de troubles autistiques, des d\u00e9ficiences intellectuelles ou encore \u00e0 des d\u00e9ficits sensoriels comme les surdit\u00e9s.<\/p>\n<p>Pour ses contributions majeures, Mireille Montcouquiol est promue directrice de recherche Inserm en 2014 et ses contributions scientifiques sont r\u00e9compens\u00e9es \u00e0 plusieurs reprises dans sa carri\u00e8re. Ainsi, elle est laur\u00e9ate d\u2019un prix Equipe FRM en 2016, de la Fondation de l\u2019audition en 2019 et re\u00e7oit le prix Rachel Ajzen et L\u00e9on Iagolnitzer de la FRM en 2021. C\u2019est une chercheuse d\u2019une tr\u00e8s grande valeur reconnue par tous ses pairs dans le monde de l\u2019oreille interne et des neurosciences qui nous quitte.<\/p>\n<p>Tr\u00e8s engag\u00e9e pour l\u2019\u00e9galit\u00e9 des droits et des libert\u00e9s ainsi que les grandes causes scientifiques et soci\u00e9tales, elle s\u2019implique dans de nombreuses instances d\u2019organisation de la Recherche et d\u2019\u00e9valuation locales et nationales. De plus, elle participe activement \u00e0 faire rayonner les neurosciences bordelaises de par ses nombreuses collaborations et participations \u00e0 divers congr\u00e8s. Soucieuse de communiquer vers le grand public, elle s\u2019implique activement par les r\u00e9seaux sociaux mais aussi lors d\u2019\u00e9v\u00e8nements soci\u00e9taux.<\/p>\n<p>Nous nous rappellerons toutes et tous son dynamisme, sa gentillesse et de ses qualit\u00e9s humaines et morales. Elle aimait se ressourcer lors de balades dans la nature et aupr\u00e8s de ses chats ador\u00e9s. Nous garderons avant tout le souvenir de sa passion d\u00e9bordante pour la science en g\u00e9n\u00e9ral et pour les neurosciences en particulier. Son talent pour transmettre son enthousiasme \u00e0 tous ceux qui l\u2019ont c\u00f4toy\u00e9, surtout aux jeunes g\u00e9n\u00e9rations, reste in\u00e9gal\u00e9. Mireille \u00e9tait une scientifique de grande valeur, investie, pr\u00e9sente, sociale et conciliante. Une grande dame qui est, et sera, grandement regrett\u00e9e.<\/p>\n<p>Nous adressons nos plus sinc\u00e8res condol\u00e9ances \u00e0 sa compagne, sa famille, ses proches, son \u00e9quipe de recherche et ses coll\u00e8gues \u00e0 Bordeaux, en France comme de par le monde.<\/p>\n<p><strong>Un temps de recueillement a eu lieu jeudi 22 f\u00e9vrier \u00e0 12h<\/strong> pour honorer sa m\u00e9moire.<\/p>\n<p>Un livre d\u2019or est disponible dans le hall de l\u2019institut Magendie durant plusieurs semaines pour exprimer ses hommages et un espace est adapt\u00e9 pour celles et ceux qui souhaiteraient d\u00e9poser des fleurs.<\/p>\n<p>&nbsp;<\/p>\n<figure id=\"attachment_168221\" aria-describedby=\"caption-attachment-168221\" style=\"width: 770px\" class=\"wp-caption alignnone\"><a href=\"https:\/\/www.bordeaux-neurocampus.fr\/wp-content\/uploads\/2024\/02\/planar-team-770x499.jpg\" rel=\"lightbox[168191]\"><img loading=\"lazy\" decoding=\"async\" class=\"wp-image-168221 size-large\" src=\"https:\/\/www.bordeaux-neurocampus.fr\/wp-content\/uploads\/2024\/02\/planar-team-770x499.jpg\" alt=\"\" width=\"770\" height=\"499\" srcset=\"https:\/\/www.bordeaux-neurocampus.fr\/wp-content\/uploads\/2024\/02\/planar-team-770x499.jpg 770w, https:\/\/www.bordeaux-neurocampus.fr\/wp-content\/uploads\/2024\/02\/planar-team-360x233.jpg 360w, https:\/\/www.bordeaux-neurocampus.fr\/wp-content\/uploads\/2024\/02\/planar-team-768x498.jpg 768w, https:\/\/www.bordeaux-neurocampus.fr\/wp-content\/uploads\/2024\/02\/planar-team.jpg 1072w\" sizes=\"auto, (max-width: 770px) 100vw, 770px\" \/><\/a><figcaption id=\"caption-attachment-168221\" class=\"wp-caption-text\">L&#8217;\u00e9quipe &#8220;Polarit\u00e9 planaire et plasticit\u00e9&#8221;, octobre 2023<\/figcaption><\/figure>\n","protected":false},"excerpt":{"rendered":"<p>Un livre d\u2019or et un espace pour d\u00e9poser des fleurs sont disponibles dans le hall de l\u2019institut Magendie durant plusieurs semaines.<\/p>\n","protected":false},"author":108,"featured_media":168190,"comment_status":"closed","ping_status":"closed","sticky":false,"template":"","format":"standard","meta":{"footnotes":""},"categories":[645],"tags":[],"class_list":["post-168191","post","type-post","status-publish","format-standard","has-post-thumbnail","hentry","category-carnet-en"],"_links":{"self":[{"href":"https:\/\/www.bordeaux-neurocampus.fr\/en\/wp-json\/wp\/v2\/posts\/168191","targetHints":{"allow":["GET"]}}],"collection":[{"href":"https:\/\/www.bordeaux-neurocampus.fr\/en\/wp-json\/wp\/v2\/posts"}],"about":[{"href":"https:\/\/www.bordeaux-neurocampus.fr\/en\/wp-json\/wp\/v2\/types\/post"}],"author":[{"embeddable":true,"href":"https:\/\/www.bordeaux-neurocampus.fr\/en\/wp-json\/wp\/v2\/users\/108"}],"replies":[{"embeddable":true,"href":"https:\/\/www.bordeaux-neurocampus.fr\/en\/wp-json\/wp\/v2\/comments?post=168191"}],"version-history":[{"count":21,"href":"https:\/\/www.bordeaux-neurocampus.fr\/en\/wp-json\/wp\/v2\/posts\/168191\/revisions"}],"predecessor-version":[{"id":168951,"href":"https:\/\/www.bordeaux-neurocampus.fr\/en\/wp-json\/wp\/v2\/posts\/168191\/revisions\/168951"}],"wp:featuredmedia":[{"embeddable":true,"href":"https:\/\/www.bordeaux-neurocampus.fr\/en\/wp-json\/wp\/v2\/media\/168190"}],"wp:attachment":[{"href":"https:\/\/www.bordeaux-neurocampus.fr\/en\/wp-json\/wp\/v2\/media?parent=168191"}],"wp:term":[{"taxonomy":"category","embeddable":true,"href":"https:\/\/www.bordeaux-neurocampus.fr\/en\/wp-json\/wp\/v2\/categories?post=168191"},{"taxonomy":"post_tag","embeddable":true,"href":"https:\/\/www.bordeaux-neurocampus.fr\/en\/wp-json\/wp\/v2\/tags?post=168191"}],"curies":[{"name":"wp","href":"https:\/\/api.w.org\/{rel}","templated":true}]}}