{"id":162451,"date":"2023-09-19T22:02:12","date_gmt":"2023-09-19T20:02:12","guid":{"rendered":"https:\/\/www.bordeaux-neurocampus.fr\/un-campus-attractif-durable-et-ouvert-sur-la-cite\/"},"modified":"2023-09-19T22:02:12","modified_gmt":"2023-09-19T20:02:12","slug":"un-campus-attractif-durable-et-ouvert-sur-la-cite","status":"publish","type":"post","link":"https:\/\/www.bordeaux-neurocampus.fr\/en\/un-campus-attractif-durable-et-ouvert-sur-la-cite\/","title":{"rendered":"Un campus attractif, durable et ouvert sur la cit\u00e9"},"content":{"rendered":"<p><a href=\"https:\/\/www.bordeaux-neurocampus.fr\/wp-content\/uploads\/2023\/09\/inaug-bbs-360x240.jpg\" rel=\"lightbox[162451]\"><img loading=\"lazy\" decoding=\"async\" class=\"alignright size-medium wp-image-162446\" src=\"https:\/\/www.bordeaux-neurocampus.fr\/wp-content\/uploads\/2023\/09\/inaug-bbs-360x240.jpg\" alt=\"\" width=\"360\" height=\"240\" srcset=\"https:\/\/www.bordeaux-neurocampus.fr\/wp-content\/uploads\/2023\/09\/inaug-bbs-360x240.jpg 360w, https:\/\/www.bordeaux-neurocampus.fr\/wp-content\/uploads\/2023\/09\/inaug-bbs-770x513.jpg 770w, https:\/\/www.bordeaux-neurocampus.fr\/wp-content\/uploads\/2023\/09\/inaug-bbs-136x91.jpg 136w, https:\/\/www.bordeaux-neurocampus.fr\/wp-content\/uploads\/2023\/09\/inaug-bbs-768x512.jpg 768w, https:\/\/www.bordeaux-neurocampus.fr\/wp-content\/uploads\/2023\/09\/inaug-bbs-640x426.jpg 640w, https:\/\/www.bordeaux-neurocampus.fr\/wp-content\/uploads\/2023\/09\/inaug-bbs.jpg 849w\" sizes=\"auto, (max-width: 360px) 100vw, 360px\" \/><\/a>Jeudi 14 septembre 2023, Sylvie Retailleau, ministre de l\u2019Enseignement sup\u00e9rieur et de la Recherche a inaugur\u00e9 les b\u00e2timents et espaces du campus Carreire de l\u2019universit\u00e9 de Bordeaux construits et am\u00e9nag\u00e9s dans le cadre de l\u2019Op\u00e9ration campus Bordeaux, notamment le b\u00e2timent Bordeaux Biologie Sant\u00e9 o\u00f9 s&#8217;est install\u00e9 l&#8217;INCIA.<\/p>\n<p><a href=\"https:\/\/www.u-bordeaux.fr\/actualites\/un-campus-attractif-durable-et-ouvert-sur-la-cite\">Lire l&#8217;article sur www.u-bordeaux.fr<\/a><\/p>\n","protected":false},"excerpt":{"rendered":"<p>Jeudi 14 septembre 2023, plusieurs b\u00e2timents et espaces du campus Carreire ont \u00e9t\u00e9 inaugur\u00e9s, notamment le b\u00e2timent Bordeaux Biologie Sant\u00e9 o\u00f9 s&#8217;est install\u00e9 l&#8217;INCIA.<\/p>\n","protected":false},"author":108,"featured_media":162447,"comment_status":"closed","ping_status":"closed","sticky":false,"template":"","format":"standard","meta":{"footnotes":""},"categories":[314,82],"tags":[],"class_list":["post-162451","post","type-post","status-publish","format-standard","has-post-thumbnail","hentry","category-at-the-university","category-between-us"],"_links":{"self":[{"href":"https:\/\/www.bordeaux-neurocampus.fr\/en\/wp-json\/wp\/v2\/posts\/162451","targetHints":{"allow":["GET"]}}],"collection":[{"href":"https:\/\/www.bordeaux-neurocampus.fr\/en\/wp-json\/wp\/v2\/posts"}],"about":[{"href":"https:\/\/www.bordeaux-neurocampus.fr\/en\/wp-json\/wp\/v2\/types\/post"}],"author":[{"embeddable":true,"href":"https:\/\/www.bordeaux-neurocampus.fr\/en\/wp-json\/wp\/v2\/users\/108"}],"replies":[{"embeddable":true,"href":"https:\/\/www.bordeaux-neurocampus.fr\/en\/wp-json\/wp\/v2\/comments?post=162451"}],"version-history":[{"count":0,"href":"https:\/\/www.bordeaux-neurocampus.fr\/en\/wp-json\/wp\/v2\/posts\/162451\/revisions"}],"wp:featuredmedia":[{"embeddable":true,"href":"https:\/\/www.bordeaux-neurocampus.fr\/en\/wp-json\/wp\/v2\/media\/162447"}],"wp:attachment":[{"href":"https:\/\/www.bordeaux-neurocampus.fr\/en\/wp-json\/wp\/v2\/media?parent=162451"}],"wp:term":[{"taxonomy":"category","embeddable":true,"href":"https:\/\/www.bordeaux-neurocampus.fr\/en\/wp-json\/wp\/v2\/categories?post=162451"},{"taxonomy":"post_tag","embeddable":true,"href":"https:\/\/www.bordeaux-neurocampus.fr\/en\/wp-json\/wp\/v2\/tags?post=162451"}],"curies":[{"name":"wp","href":"https:\/\/api.w.org\/{rel}","templated":true}]}}