{"id":162284,"date":"2023-09-12T15:26:21","date_gmt":"2023-09-12T13:26:21","guid":{"rendered":"https:\/\/www.bordeaux-neurocampus.fr\/?p=162284"},"modified":"2023-09-12T16:33:05","modified_gmt":"2023-09-12T14:33:05","slug":"journee-inaugurale-du-phrc-tim-depist","status":"publish","type":"post","link":"https:\/\/www.bordeaux-neurocampus.fr\/en\/journee-inaugurale-du-phrc-tim-depist\/","title":{"rendered":"Journ\u00e9e inaugurale du PHRC TiM-DepisT"},"content":{"rendered":"<p><img loading=\"lazy\" decoding=\"async\" class=\"alignright size-medium wp-image-162291\" src=\"https:\/\/www.bordeaux-neurocampus.fr\/wp-content\/uploads\/2023\/09\/tim-depist-2-360x213.jpg\" alt=\"\" width=\"360\" height=\"213\" srcset=\"https:\/\/www.bordeaux-neurocampus.fr\/wp-content\/uploads\/2023\/09\/tim-depist-2-360x213.jpg 360w, https:\/\/www.bordeaux-neurocampus.fr\/wp-content\/uploads\/2023\/09\/tim-depist-2.jpg 669w\" sizes=\"auto, (max-width: 360px) 100vw, 360px\" \/>\u00ab Les affections Psychiatriques vues sous le prisme de l\u2019auto-immunit\u00e9 \u00bb<br \/>\nMercredi 27 septembre, 10h00-17h30<\/p>\n<p><strong>Lieu : CGFB (sur inscription par email : <a href=\"mailto:timdepist@chu-bordeaux.fr\">timdepist@chu-bordeaux.fr)<\/a><br \/>\n<\/strong><\/p>\n<p><strong>Visioconf\u00e9rence : acc\u00e8s libre<\/strong><br \/>\nhttps:\/\/u-bordeaux-fr.zoom.us\/j\/81580765757<br \/>\nID de r\u00e9union : 815 8076 5757<\/p>\n<h3>A propos<\/h3>\n<p>Le r\u00f4le du syst\u00e8me immunitaire en g\u00e9n\u00e9ral, et en particulier de l&#8217;auto-immunit\u00e9, est de plus en plus consid\u00e9r\u00e9 par le monde m\u00e9dical et scientifique comme un changement de paradigme \u00e0 prendre en compte dans l&#8217;\u00e9tiologie des maladies psychiatriques. Si l\u2019auto-immunit\u00e9 ne repr\u00e9sente qu\u2019une \u00e9tiologie parmi d\u2019autres, elle permet de mieux comprendre certains dysfonctionnements mol\u00e9culaires jusqu\u2019alors insoup\u00e7onn\u00e9s. Alors que les maladies psychiatriques constituent un probl\u00e8me de sant\u00e9 prioritaire dans le monde entier, la recherche fondamentale a r\u00e9cemment r\u00e9volutionn\u00e9 la compr\u00e9hension du lien entre les anticorps dirig\u00e9s contre le cerveau et leurs cibles mol\u00e9culaires \u00e0 l\u2019origine des sympt\u00f4mes neuropsychiatriques. La d\u00e9couverte de ces m\u00e9canismes constitue un d\u00e9fi majeur pour le d\u00e9veloppement de nouvelles strat\u00e9gies diagnostiques et th\u00e9rapeutiques. La Direction G\u00e9n\u00e9rale de l\u2019Offre de Soin (DGOS) a ainsi fait confiance au \u00ab consortium de forces \u00bb des chercheurs et cliniciens francais pour d\u00e9marrer d\u00e8s fin 2023, un projet de recherche clinique national d\u2019envergure (PHRC-N), visant \u00e0 d\u00e9pister et traiter les troubles psychiatriques en lien avec l\u2019auto-immunit\u00e9.<\/p>\n<h3>English version<\/h3>\n<p>&#8220;Psychiatric disorders through the prism of autoimmunity.&#8221;<\/p>\n<p>The role of the immune system is increasingly seen by the medical and scientific world as a new paradigm in the etiology of psychiatric diseases. Although, autoimmunity is only one etiology among others, it provides a better understanding of certain molecular dysfunctions that were previously unsuspected. Psychiatric diseases are a priority health problem worldwide, and basic research has recently revolutionized the understanding of the link between antibodies their molecular neuronal targets at the origin of neuropsychiatric symptoms. The discovery of pathogenic mechanisms is a major challenge for the development of new diagnostic and treatment strategies. The French \u201cDirection G\u00e9n\u00e9rale de l&#8217;Offre de Soin\u201d decided to fund a &#8220;consortium of forces&#8221; of French researchers and clinicians to lead, from November 2023, a major national clinical research project (PHRC-N), aimed at detecting and treating psychiatric disorders linked to autoimmunity.<\/p>\n<h3>Programme<\/h3>\n<p><strong>Fondation scientifique et clinique du PHRC<\/strong><\/p>\n<p>10h00 \u2013 10h15<br \/>\nFr\u00e9d\u00e9ric VILLEGA (Bordeaux CHU), S\u00e9bastien GARD (Pr\u00e9sident de la CME, Centre Charles Perrens, Bordeaux)<br \/>\n<em>TiM-DepisT en quelques mots<\/em><\/p>\n<p>10h15 &#8211; 10h45<br \/>\nLaurent GROC (CNRS)<br \/>\n<em>Psychose autoimmune : de la mol\u00e9cule vers le patient<\/em><\/p>\n<p>10h45-11h30<br \/>\nBelinda LENNOX (Oxford University, UK)<br \/>\nLessons learned from the SINAPPS2 clinical trial<\/p>\n<p>11h30-12h00<br \/>\nMarion LEBOYER (CHU Cr\u00e9teil)<br \/>\nPsychiatrie de pr\u00e9cision: PEPR PROPSY<\/p>\n<p>12h30-14h00 Buffet<\/p>\n<p><strong>Structuration et fonctionnement du PHRC<\/strong><\/p>\n<p>14h00 &#8211; 15h30<br \/>\nAnouck AMESTOY, David MISDRAHi, (Centre Charles Perrens, Bordeaux),<br \/>\nFr\u00e9d\u00e9ric VILLEGA (Bordeaux CHU)<br \/>\n<em>Table ronde sur les crit\u00e8res d\u2019inclusion PHRC<\/em><br \/>\nPr\u00e9sentation D\u00e9pliant informatif et teaser Vid\u00e9o<\/p>\n<p>15h30-16h30<br \/>\nGuillaume SIMON (ARC Coordonnateur)<br \/>\n<em>Parcours patients, e-CRF<\/em><\/p>\n<p>16h30-17h00<br \/>\nDelphine BOUCHET (CNRS) &amp; C\u00e9cile BORDES (Bordeaux CHU)<br \/>\n<em>Diagnostic biologique des autoanticorps &amp; circuit des \u00e9chantillons patients<\/em><\/p>\n<p>17h00-17h15<br \/>\nConclusion et calendrier pr\u00e9visionnel<\/p>\n<h3>Contact<\/h3>\n<p><a href=\"mailto:timdepist@chu-bordeaux.fr\">timdepist@chu-bordeaux.fr<\/a><\/p>\n","protected":false},"excerpt":{"rendered":"<p>Mercredi 27 septembre. \u00ab Les affections Psychiatriques vues sous le prisme de l\u2019auto-immunit\u00e9 \u00bb Mercredi 27 septembre.<\/p>\n","protected":false},"author":108,"featured_media":162290,"comment_status":"closed","ping_status":"closed","sticky":false,"template":"","format":"standard","meta":{"footnotes":""},"categories":[58],"tags":[],"class_list":["post-162284","post","type-post","status-publish","format-standard","has-post-thumbnail","hentry","category-evenement-en"],"_links":{"self":[{"href":"https:\/\/www.bordeaux-neurocampus.fr\/en\/wp-json\/wp\/v2\/posts\/162284","targetHints":{"allow":["GET"]}}],"collection":[{"href":"https:\/\/www.bordeaux-neurocampus.fr\/en\/wp-json\/wp\/v2\/posts"}],"about":[{"href":"https:\/\/www.bordeaux-neurocampus.fr\/en\/wp-json\/wp\/v2\/types\/post"}],"author":[{"embeddable":true,"href":"https:\/\/www.bordeaux-neurocampus.fr\/en\/wp-json\/wp\/v2\/users\/108"}],"replies":[{"embeddable":true,"href":"https:\/\/www.bordeaux-neurocampus.fr\/en\/wp-json\/wp\/v2\/comments?post=162284"}],"version-history":[{"count":5,"href":"https:\/\/www.bordeaux-neurocampus.fr\/en\/wp-json\/wp\/v2\/posts\/162284\/revisions"}],"predecessor-version":[{"id":162299,"href":"https:\/\/www.bordeaux-neurocampus.fr\/en\/wp-json\/wp\/v2\/posts\/162284\/revisions\/162299"}],"wp:featuredmedia":[{"embeddable":true,"href":"https:\/\/www.bordeaux-neurocampus.fr\/en\/wp-json\/wp\/v2\/media\/162290"}],"wp:attachment":[{"href":"https:\/\/www.bordeaux-neurocampus.fr\/en\/wp-json\/wp\/v2\/media?parent=162284"}],"wp:term":[{"taxonomy":"category","embeddable":true,"href":"https:\/\/www.bordeaux-neurocampus.fr\/en\/wp-json\/wp\/v2\/categories?post=162284"},{"taxonomy":"post_tag","embeddable":true,"href":"https:\/\/www.bordeaux-neurocampus.fr\/en\/wp-json\/wp\/v2\/tags?post=162284"}],"curies":[{"name":"wp","href":"https:\/\/api.w.org\/{rel}","templated":true}]}}