{"id":155383,"date":"2023-02-08T22:27:47","date_gmt":"2023-02-08T21:27:47","guid":{"rendered":"https:\/\/www.bordeaux-neurocampus.fr\/exposition-de-daniela-cota\/"},"modified":"2023-02-09T13:41:10","modified_gmt":"2023-02-09T12:41:10","slug":"exposition-de-daniela-cota","status":"publish","type":"post","link":"https:\/\/www.bordeaux-neurocampus.fr\/en\/exposition-de-daniela-cota\/","title":{"rendered":"Exposition de Daniela Cota"},"content":{"rendered":"<p>Apr\u00e8s les aquarelles de Lorena Delgado Zabalza (post doc \u00e0 l&#8217;IMN) et les photographies d&#8217;Alexandre Brochard (ing\u00e9nieur \u00e0 Magendie), nous donnons \u00e0 nouveau la possibilit\u00e9 \u00e0 un personnel de Bordeaux Neurocampus de nous montrer ses talents.<\/p>\n<p>Daniela Cota, directrice de recherche Inserm au Neurocentre Magendie, exposera donc ses peintures dans l&#8217;atrium du centre Broca, jusqu&#8217;au vendredi 3 mars.<\/p>\n<p>Un portrait r\u00e9alis\u00e9 par l&#8217;Inserm Nouvelle-Aquitaine lui a r\u00e9cemment \u00e9t\u00e9 consacr\u00e9 ; elle y partageait sa passion pour la peinture.<\/p>\n<p><iframe loading=\"lazy\" title=\"YouTube video player\" src=\"https:\/\/www.youtube.com\/embed\/o9NLrGhMqss\" width=\"560\" height=\"315\" frameborder=\"0\" allowfullscreen=\"allowfullscreen\" data-mce-fragment=\"1\"><\/iframe><\/p>\n<h3>Pourquoi pas vous ?<\/h3>\n<p>Vous \u00eates artiste ? N&#8217;h\u00e9sitez pas \u00e0 proposer une exposition, un concert, etc.<\/p>\n<p>Contact : <a href=\"mailto:arnaud.rodriguez@u-bordeaux.fr\">Arnaud Rodriguez<\/a><\/p>\n","protected":false},"excerpt":{"rendered":"<p>Centre Broca, jusqu&#8217;au vendredi 3 mars<\/p>\n","protected":false},"author":108,"featured_media":155425,"comment_status":"closed","ping_status":"closed","sticky":false,"template":"","format":"standard","meta":{"footnotes":""},"categories":[82],"tags":[],"class_list":["post-155383","post","type-post","status-publish","format-standard","has-post-thumbnail","hentry","category-between-us"],"_links":{"self":[{"href":"https:\/\/www.bordeaux-neurocampus.fr\/en\/wp-json\/wp\/v2\/posts\/155383","targetHints":{"allow":["GET"]}}],"collection":[{"href":"https:\/\/www.bordeaux-neurocampus.fr\/en\/wp-json\/wp\/v2\/posts"}],"about":[{"href":"https:\/\/www.bordeaux-neurocampus.fr\/en\/wp-json\/wp\/v2\/types\/post"}],"author":[{"embeddable":true,"href":"https:\/\/www.bordeaux-neurocampus.fr\/en\/wp-json\/wp\/v2\/users\/108"}],"replies":[{"embeddable":true,"href":"https:\/\/www.bordeaux-neurocampus.fr\/en\/wp-json\/wp\/v2\/comments?post=155383"}],"version-history":[{"count":1,"href":"https:\/\/www.bordeaux-neurocampus.fr\/en\/wp-json\/wp\/v2\/posts\/155383\/revisions"}],"predecessor-version":[{"id":155426,"href":"https:\/\/www.bordeaux-neurocampus.fr\/en\/wp-json\/wp\/v2\/posts\/155383\/revisions\/155426"}],"wp:featuredmedia":[{"embeddable":true,"href":"https:\/\/www.bordeaux-neurocampus.fr\/en\/wp-json\/wp\/v2\/media\/155425"}],"wp:attachment":[{"href":"https:\/\/www.bordeaux-neurocampus.fr\/en\/wp-json\/wp\/v2\/media?parent=155383"}],"wp:term":[{"taxonomy":"category","embeddable":true,"href":"https:\/\/www.bordeaux-neurocampus.fr\/en\/wp-json\/wp\/v2\/categories?post=155383"},{"taxonomy":"post_tag","embeddable":true,"href":"https:\/\/www.bordeaux-neurocampus.fr\/en\/wp-json\/wp\/v2\/tags?post=155383"}],"curies":[{"name":"wp","href":"https:\/\/api.w.org\/{rel}","templated":true}]}}