{"id":146968,"date":"2022-04-04T11:45:11","date_gmt":"2022-04-04T09:45:11","guid":{"rendered":"https:\/\/www.bordeaux-neurocampus.fr\/?p=146968"},"modified":"2022-04-04T12:05:30","modified_gmt":"2022-04-04T10:05:30","slug":"neurofeedback-brain-to-brain-2022","status":"publish","type":"post","link":"https:\/\/www.bordeaux-neurocampus.fr\/en\/neurofeedback-brain-to-brain-2022\/","title":{"rendered":"6\u00e8me Journ\u00e9e nationale sur le NeuroFeedBack : &#8220;Brain-to-Brain&#8221;"},"content":{"rendered":"<p><strong> <a href=\"https:\/\/www.bordeaux-neurocampus.fr\/wp-content\/uploads\/2022\/04\/neurofeeback-2022.pdf\"><img loading=\"lazy\" decoding=\"async\" class=\"alignright wp-image-146957 size-medium\" src=\"https:\/\/www.bordeaux-neurocampus.fr\/wp-content\/uploads\/2022\/04\/neurofeedback-2022-254x360.jpg\" alt=\"\" width=\"254\" height=\"360\" srcset=\"https:\/\/www.bordeaux-neurocampus.fr\/wp-content\/uploads\/2022\/04\/neurofeedback-2022-254x360.jpg 254w, https:\/\/www.bordeaux-neurocampus.fr\/wp-content\/uploads\/2022\/04\/neurofeedback-2022-543x770.jpg 543w, https:\/\/www.bordeaux-neurocampus.fr\/wp-content\/uploads\/2022\/04\/neurofeedback-2022.jpg 600w\" sizes=\"auto, (max-width: 254px) 100vw, 254px\" \/><\/a>Vendredi 16 septembre 2022<\/strong><\/p>\n<p><strong>35, place Pey Berland &#8211; Bordeaux<br \/>\n<\/strong><\/p>\n<hr \/>\n<h3>A propos<\/h3>\n<p>Ces derni\u00e8res ann\u00e9es ont vu une augmentation spectaculaire des \u00e9tudes mesurant l\u2019activit\u00e9 c\u00e9r\u00e9brale de plusieurs individus lors d\u2019interactions sociales. Les recherches utilisant l\u2019\u00ab hyperscanning \u00bb ont d\u00e9montr\u00e9 que l\u2019activit\u00e9 c\u00e9r\u00e9brale peut se synchroniser chez les personnes en fonction d\u2019interactions sociales sp\u00e9cifiques. De telles d\u00e9couvertes soulignent non seulement l\u2019int\u00e9r\u00eat des techniques d\u2019hyperscanning pour objectiver des aspects significatifs des interactions sociales, mais soul\u00e8vent \u00e9galement la possibilit\u00e9 d\u2019utiliser l\u2019hyperscanning pour aider \u00e0 am\u00e9liorer ces interactions.<\/p>\n<p>Sur la base des travaux en neurosciences sociales utilisant l\u2019exposition de dyades de sujets \u00e0 un neurofeedback pr\u00e9sentant un param\u00e8tre li\u00e9 \u00e0 la synchronie EEG inter-c\u00e9r\u00e9brale en temps r\u00e9el, il a en effet \u00e9t\u00e9 montr\u00e9 que cet entrainement pouvait renforcer la relation interpersonnelle entre ces deux sujets. Un champ de recherche s\u2019est donc d\u00e9velopp\u00e9 sur le neurofeedback utilisant l\u2019hyperscanning, c\u2019est-\u00e0-dire Brain-to-Brain.<\/p>\n<p>Le neurofeedback permettant la synchronisation inter-c\u00e9r\u00e9brale par hyperscanning est un champ de recherche en neurosciences sociales qui constitue un outil m\u00e9thodologique innovant pour d\u00e9velopper des paradigmes exp\u00e9rimentaux explorant la relation entre processus c\u00e9r\u00e9braux et interactions sociales qui seront discut\u00e9s et critiqu\u00e9s au cours de ce colloque suivant une approche interdisciplinaire, neuroscientifique, \u00e9pist\u00e9mologique, sociale et clinique.<\/p>\n<h3>Programme<\/h3>\n<p><strong>OUVERTURE ET INTRODUCTION<\/strong><\/p>\n<ul>\n<li>Le neurofeedback dans la relation th\u00e9rapeutique<br \/>\nCo-pr\u00e9sidents : Jean-Marie BATAIL (Rennes) &amp; Jean-Arthur MICOULAUD-FRANCHI (Bordeaux)<\/li>\n<li>Mots d\u2019ouverture<br \/>\nPierre PHILIP (Bordeaux)<\/li>\n<\/ul>\n<p><strong>SESSION 1 : Le neurofeedback dans la pratique neuro-psychiatrique\u2028<\/strong><br \/>\nMod\u00e9rateurs : Fran\u00e7ois VIALATTE (Draveil) &amp; St\u00e9phanie BIOULAC (Grenoble)<\/p>\n<ul>\n<li>Meta-analyse sur le neurofeedback IRMf et les troubles mentaux<br \/>\nOratrice : Pauline FAVRE (Paris)<\/li>\n<li>Neurofeedback et \u00e9valuations par Ecological Momentary Assessment (EMA)<br \/>\nOrateur : David MISDRAHI (Bordeaux)<\/li>\n<li>Approche de la douleur par l\u2019interaction en neurofeedback EEG (intervention \u00e0 confirmer)<br \/>\nOrateur : Jean-Pascal LEFAUCHEUR (Cr\u00e9teil)<\/li>\n<li>Les principes des boucles d\u2019engagement th\u00e9rapeutique en neurofeedback<br \/>\nOrateur : Jean-Arthur MICOULAUD-FRANCHI (Bordeaux)<\/li>\n<li>Exploration de l\u2019acceptation et engagement th\u00e9rapeutique en neurofeedback<br \/>\nOratrice : L\u00e9a PILETTE (Bordeaux)<\/li>\n<\/ul>\n<p><strong>SESSION 2 : Inter-brain synchronisation et neurofeedback<br \/>\n<\/strong>Mod\u00e9rateurs :Camille JEUNET (Bordeaux) &amp; Fabien LOTTE (Bordeaux)<\/p>\n<ul>\n<li>Conf\u00e9rence pl\u00e9ni\u00e8re<br \/>\nInter-Brain Synchronisation and Neurofeedback : from Labs to Daily Lives<br \/>\nOrateurs : Guillaume DUMAS (Montr\u00e9al) &amp; Suzanne DIKKER (New York)<\/li>\n<li>\u00abBrain-to-Brain Synchrony\u00bb et \u00abBrain-Machine Symbiosis\u00bb<br \/>\nOrateur : Fr\u00e9d\u00e9ric DEHAIS (Toulouse)<\/li>\n<li>Synchronisation multi-brain et apprentissage scolaire (titre \u00e0 confirmer)<br \/>\nOratrice : Anne Marie BROUWER (Soesterberg)<\/li>\n<\/ul>\n<p><strong>SOIR\u00c9E GRAND PUBLIC<\/strong> en partenariat avec ULLO World<\/p>\n<ul>\n<li>Soir\u00e9e inter-brain plan\u00e9tarium et synchronisation \u00e9cologique<br \/>\nConf\u00e9rence d\u00e9bat et exp\u00e9rimentale<\/li>\n<\/ul>\n<h3>Inscriptions<\/h3>\n<p><a href=\"https:\/\/docs.google.com\/forms\/d\/e\/1FAIpQLSf_644pOEyv1apXyCkQWjbCKg3MwwlIRDBaTsrvmhFzF-W8vg\/viewform\">https:\/\/docs.google.com\/forms\/d\/e\/1FAIpQLSf_644pOEyv1apXyCkQWjbCKg3MwwlIRDBaTsrvmhFzF-W8vg\/viewform<\/a><\/p>\n<h3><span id=\"page13R_mcid167\" class=\"markedContent\"><span dir=\"ltr\" role=\"presentation\">Comit\u00e9 d\u2019organisation<\/span><\/span><\/h3>\n<ul>\n<li><span id=\"page13R_mcid168\" class=\"markedContent\"><span dir=\"ltr\" role=\"presentation\">Camille<\/span><\/span><span id=\"page13R_mcid169\" class=\"markedContent\"> <span dir=\"ltr\" role=\"presentation\">JEUNET<\/span><\/span><span id=\"page13R_mcid170\" class=\"markedContent\"><span dir=\"ltr\" role=\"presentation\"> (Incia)<\/span><\/span><\/li>\n<li><span id=\"page13R_mcid170\" class=\"markedContent\"><span dir=\"ltr\" role=\"presentation\">Fabien<\/span><\/span><span id=\"page13R_mcid171\" class=\"markedContent\"> <span dir=\"ltr\" role=\"presentation\">LOTTE (Inria)<\/span><\/span><\/li>\n<li><span id=\"page13R_mcid172\" class=\"markedContent\"><span dir=\"ltr\" role=\"presentation\">Jean-Arthur<\/span><\/span><span id=\"page13R_mcid173\" class=\"markedContent\"> <span dir=\"ltr\" role=\"presentation\">MICOULAUD-FRANCHI (Sanpsy)<\/span><\/span><\/li>\n<\/ul>\n","protected":false},"excerpt":{"rendered":"<p>Vendredi 16 septembre 2022<\/p>\n","protected":false},"author":108,"featured_media":103460,"comment_status":"closed","ping_status":"closed","sticky":false,"template":"","format":"standard","meta":{"footnotes":""},"categories":[58],"tags":[],"class_list":["post-146968","post","type-post","status-publish","format-standard","has-post-thumbnail","hentry","category-evenement-en"],"_links":{"self":[{"href":"https:\/\/www.bordeaux-neurocampus.fr\/en\/wp-json\/wp\/v2\/posts\/146968","targetHints":{"allow":["GET"]}}],"collection":[{"href":"https:\/\/www.bordeaux-neurocampus.fr\/en\/wp-json\/wp\/v2\/posts"}],"about":[{"href":"https:\/\/www.bordeaux-neurocampus.fr\/en\/wp-json\/wp\/v2\/types\/post"}],"author":[{"embeddable":true,"href":"https:\/\/www.bordeaux-neurocampus.fr\/en\/wp-json\/wp\/v2\/users\/108"}],"replies":[{"embeddable":true,"href":"https:\/\/www.bordeaux-neurocampus.fr\/en\/wp-json\/wp\/v2\/comments?post=146968"}],"version-history":[{"count":1,"href":"https:\/\/www.bordeaux-neurocampus.fr\/en\/wp-json\/wp\/v2\/posts\/146968\/revisions"}],"predecessor-version":[{"id":146977,"href":"https:\/\/www.bordeaux-neurocampus.fr\/en\/wp-json\/wp\/v2\/posts\/146968\/revisions\/146977"}],"wp:featuredmedia":[{"embeddable":true,"href":"https:\/\/www.bordeaux-neurocampus.fr\/en\/wp-json\/wp\/v2\/media\/103460"}],"wp:attachment":[{"href":"https:\/\/www.bordeaux-neurocampus.fr\/en\/wp-json\/wp\/v2\/media?parent=146968"}],"wp:term":[{"taxonomy":"category","embeddable":true,"href":"https:\/\/www.bordeaux-neurocampus.fr\/en\/wp-json\/wp\/v2\/categories?post=146968"},{"taxonomy":"post_tag","embeddable":true,"href":"https:\/\/www.bordeaux-neurocampus.fr\/en\/wp-json\/wp\/v2\/tags?post=146968"}],"curies":[{"name":"wp","href":"https:\/\/api.w.org\/{rel}","templated":true}]}}