{"id":145829,"date":"2022-03-23T14:10:49","date_gmt":"2022-03-23T13:10:49","guid":{"rendered":"https:\/\/www.bordeaux-neurocampus.fr\/inauguration-de-linstitut-de-medecine-integrative-et-complementaire\/"},"modified":"2022-03-23T14:10:49","modified_gmt":"2022-03-23T13:10:49","slug":"inauguration-de-linstitut-de-medecine-integrative-et-complementaire","status":"publish","type":"post","link":"https:\/\/www.bordeaux-neurocampus.fr\/en\/inauguration-de-linstitut-de-medecine-integrative-et-complementaire\/","title":{"rendered":"Inauguration de l&#8217;Institut de m\u00e9decine int\u00e9grative et compl\u00e9mentaire"},"content":{"rendered":"<p>L&#8217;institut de m\u00e9decine int\u00e9grative et compl\u00e9mentaire (IMIC) a \u00e9t\u00e9 inaugur\u00e9 le jeudi 17 mars 2022. Anciennement nomm\u00e9 C<span id=\"page29R_mcid8\" class=\"markedContent\"><span dir=\"ltr\" role=\"presentation\">2RHM (Centre de Ressources et de Recherche en Hypnose et<\/span> <span dir=\"ltr\" role=\"presentation\">M\u00e9ditation), l&#8217;IMIC<\/span><\/span> est une unit\u00e9 du p\u00f4le de neurosciences du <abbr class=\"portAbbr\" title=\"Centre hospitalier universitaire\">CHU<\/abbr> de Bordeaux situ\u00e9e dans le parc de l&#8217;h\u00f4pital Xavier Arnozan, Groupe hospitalier Sud.<\/p>\n<p class=\"site-title\">Son responsable est<strong> Fran\u00e7ois Tison<\/strong>, PU-PH, membre de l&#8217;\u00e9quipe &#8220;IMN clinique&#8221;. <strong>Emmanuel Mellet<\/strong>, chercheur CNRS dans le <a href=\"https:\/\/www.gin.cnrs.fr\/fr\/\">Groupe d&#8217;imagerie neurofonctionnelle de l&#8217;IMN<\/a>, est \u00e9galement dans l&#8217;\u00e9quipe de l&#8217;IMIC.<\/p>\n<p>Des consultations d&#8217;hypnose clinique et th\u00e9rapeutique et des programmes de m\u00e9ditation de pleine conscience y sont propos\u00e9s pour les patients et le personnel hospitalier du <abbr class=\"portAbbr\" title=\"Centre hospitalier universitaire\">CHU <\/abbr>de Bordeaux.<\/p>\n<p>L&#8217;Institut de m\u00e9decine int\u00e9grative et compl\u00e9mentaire propose \u00e9galement de f\u00e9d\u00e9rer et de promouvoir les activit\u00e9s transversales et pluridisciplinaires centr\u00e9es sur l&#8217;humain concernant le soin, l&#8217;enseignement et la recherche concernant \u00e0 ce jour l&#8217;hypnose, la m\u00e9ditation de pleine conscience et la m\u00e9decine narrative (soignants), dans le respect des organisations particuli\u00e8res sp\u00e9cifiques \u00e0 chacune des trois activit\u00e9s,<\/p>\n<p>L&#8217; Institut de m\u00e9decines int\u00e9gratives et compl\u00e9mentaires \u00e9tant particuli\u00e8rement engag\u00e9 dans la promotion de la sant\u00e9 et du bien-\u00eatre au travail des professionnels du soin, un espace d\u00e9di\u00e9 au personnel hospitalier, accessible aux personnels du <abbr class=\"portAbbr\" title=\"Centre hospitalier universitaire\">CHU<\/abbr> de Bordeaux avec une authentification personnalis\u00e9e, sera bient\u00f4t accessible.\u00a0 Il comprendra des ressources disponibles en ligne dans un &#8220;espace num\u00e9rique d&#8217;accompagnement et de ressources IMIC &#8221;<\/p>\n<h3>A propos<\/h3>\n<p><b>Fran\u00e7ois Tison<\/b> est professeur de l&#8217;Universit\u00e9 de Bordeaux et praticien hospitalier en neurologie au <abbr class=\"portAbbr\" title=\"Centre hospitalier universitaire\">CHU<\/abbr> de Bordeaux. Il est coordinateur du Centre d&#8217;excellence sur les maladies neurod\u00e9g\u00e9n\u00e9ratives de Bordeaux (BIND), responsable de l&#8217;Institut des maladies neurod\u00e9g\u00e9n\u00e9ratives clinique (IMNc). Il a consacr\u00e9 sa carri\u00e8re de clinicien et de chercheur \u00e0 la recherche et \u00e0 la prise en charge des maladies neurod\u00e9g\u00e9n\u00e9ratives, en particulier la maladie de Parkinson. Actuellement, son int\u00e9r\u00eat se porte plus particuli\u00e8rement sur la m\u00e9ditation de pleine conscience dans les maladies neurod\u00e9g\u00e9n\u00e9ratives mais aussi sur la promotion du bien-\u00eatre au travail chez les soignants.<\/p>\n<p><b>Emmanuel Mellet <\/b>est m\u00e9decin psychiatre, docteur en neurosciences, directeur de recherche au <abbr title=\"Centre national de la Recherche Scientifique\">CNRS<\/abbr> en neuroimagerie de la cognition. Il est praticien attach\u00e9 dans l&#8217;unit\u00e9 de soins palliatifs du <abbr title=\"Centre hospitalier universitaire\">CHU<\/abbr> de Bordeaux. Form\u00e9 \u00e0 la m\u00e9ditation bas\u00e9e sur la compassion et l&#8217;insight (MBCI), il est titulaire du dipl\u00f4me universitaire &#8220;M\u00e9decine, m\u00e9ditation et neurosciences&#8221; de Strasbourg.<\/p>\n<h3>En savoir plus<\/h3>\n<p><a href=\"https:\/\/www.chu-bordeaux.fr\/Les-unit%C3%A9s-m%C3%A9dicales\/Centre-de-ressources-et-de-recherche-en-hypnose-et-m%C3%A9ditation\/\">https:\/\/www.chu-bordeaux.fr\/<\/a><\/p>\n<hr \/>\n<p><a href=\"https:\/\/www.chu-bordeaux.fr\/Les-unit%C3%A9s-m%C3%A9dicales\/Centre-de-ressources-et-de-recherche-en-hypnose-et-m%C3%A9ditation\/Inauguration-IMIC-mars-2022\/Dossier-de-presse-IMIC-CHU-de-Bordeaux-.pdf\/\">T\u00e9l\u00e9charger le communiqu\u00e9 de presse (pdf)<\/a><\/p>\n","protected":false},"excerpt":{"rendered":"<p>Elle a eu lieu le jeudi 17 mars 2022<\/p>\n","protected":false},"author":108,"featured_media":129848,"comment_status":"closed","ping_status":"closed","sticky":false,"template":"","format":"standard","meta":{"footnotes":""},"categories":[1],"tags":[],"class_list":["post-145829","post","type-post","status-publish","format-standard","has-post-thumbnail","hentry","category-news-neurocampus"],"_links":{"self":[{"href":"https:\/\/www.bordeaux-neurocampus.fr\/en\/wp-json\/wp\/v2\/posts\/145829","targetHints":{"allow":["GET"]}}],"collection":[{"href":"https:\/\/www.bordeaux-neurocampus.fr\/en\/wp-json\/wp\/v2\/posts"}],"about":[{"href":"https:\/\/www.bordeaux-neurocampus.fr\/en\/wp-json\/wp\/v2\/types\/post"}],"author":[{"embeddable":true,"href":"https:\/\/www.bordeaux-neurocampus.fr\/en\/wp-json\/wp\/v2\/users\/108"}],"replies":[{"embeddable":true,"href":"https:\/\/www.bordeaux-neurocampus.fr\/en\/wp-json\/wp\/v2\/comments?post=145829"}],"version-history":[{"count":0,"href":"https:\/\/www.bordeaux-neurocampus.fr\/en\/wp-json\/wp\/v2\/posts\/145829\/revisions"}],"wp:featuredmedia":[{"embeddable":true,"href":"https:\/\/www.bordeaux-neurocampus.fr\/en\/wp-json\/wp\/v2\/media\/129848"}],"wp:attachment":[{"href":"https:\/\/www.bordeaux-neurocampus.fr\/en\/wp-json\/wp\/v2\/media?parent=145829"}],"wp:term":[{"taxonomy":"category","embeddable":true,"href":"https:\/\/www.bordeaux-neurocampus.fr\/en\/wp-json\/wp\/v2\/categories?post=145829"},{"taxonomy":"post_tag","embeddable":true,"href":"https:\/\/www.bordeaux-neurocampus.fr\/en\/wp-json\/wp\/v2\/tags?post=145829"}],"curies":[{"name":"wp","href":"https:\/\/api.w.org\/{rel}","templated":true}]}}