{"id":139505,"date":"2021-09-28T17:58:02","date_gmt":"2021-09-28T15:58:02","guid":{"rendered":"https:\/\/www.bordeaux-neurocampus.fr\/?p=139505"},"modified":"2021-10-05T21:05:55","modified_gmt":"2021-10-05T19:05:55","slug":"les-rencards-du-savoir-saison-2021-2022","status":"publish","type":"post","link":"https:\/\/www.bordeaux-neurocampus.fr\/en\/les-rencards-du-savoir-saison-2021-2022\/","title":{"rendered":"Les Rencards du savoir, saison 2021-2022"},"content":{"rendered":"<p>Programmation grand public annuelle constitu\u00e9e de caf\u00e9s et de cin\u00e9s-d\u00e9bats en lien avec des sujets d\u2019actualit\u00e9, les Rencards du savoir permettent \u00e0 la recherche bordelaise de sortir des laboratoires et des centres de recherche.<\/p>\n<h3>Rencontres avec des intervenants de Bordeaux Neurocampus<\/h3>\n<p><strong>Caf\u00e9 -d\u00e9bat : Esprit critique, es-tu encore l\u00e0 ?<br \/>\n<\/strong>Mardi 2 novembre 2021 &#8211; 18h30 &#8211; Cap Sciences, Hangar 20 quai de Bacalan, Bordeaux<\/p>\n<div class=\"inside\">\n<p><i>En partenariat avec le master M\u00e9diation des sciences de l&#8217;universit\u00e9 Bordeaux Montaigne<\/i><\/p>\n<p>Des conspirationnistes aux z\u00e9t\u00e9ticiens en passant par cet ami &#8220;bien inform\u00e9&#8221;, tous le r\u00e9p\u00e8tent : ne soyez pas un mouton de Panurge, faites marcher votre esprit critique ! Entre scepticisme des sophistes et m\u00e9thode scientifique, l\u2019injonction peut n\u00e9anmoins prendre un sens bien diff\u00e9rent&#8230; Quel esprit critique devrait-on aiguiser ? Peut-on le fa\u00e7onner dans son coin ou doit-il \u00eatre collectif ? Et sur cette voie de la raison, \u00e0 quel saint se vouer ? Peut-\u00eatre faudrait-il commencer par se m\u00e9fier de notre propre cerveau\u2026<\/p>\n<p>Intervenants :<\/p>\n<ul>\n<li><strong>Christopher Stevens<\/strong>, doctorant en philosophie et en neurosciences au Neurocentre Magendie (<a class=\"ca_glossary\" href=\"https:\/\/www.u-bordeaux.fr\/Lexique#link-fiche11593\">Inserm<\/a> et universit\u00e9 de Bordeaux)<\/li>\n<li>Marc Halpert, commissaire de l&#8217;exposition &#8220;Esprit critique&#8221;, directeur Ing\u00e9nierie culturelle, marketing et communication \u00e0 Cap Sciences<\/li>\n<\/ul>\n<div class=\"accordion test\">\n<div class=\"menu\">\n<p><strong>Caf\u00e9-d\u00e9bat : l&#8217;odorat, activateur de m\u00e9moire et d&#8217;\u00e9motions<br \/>\n<\/strong>Mardi 18 janvier 2022 &#8211; 18h30 &#8211; Mus\u00e9e d&#8217;\u00e9thnographie de l&#8217;universit\u00e9 de Bordeaux, place de la Victoire, Bordeaux<\/p>\n<\/div>\n<\/div>\n<div class=\"inside\">\n<p><i>Dans le cadre de l&#8217;exposition &#8220;La Fabrique des innovations, Les coulisses de la recherche en sant\u00e9&#8221; et du programme OLFALAB<\/i><\/p>\n<p>Il faut a\u00e9rer, d\u00e9sodoriser, aseptiser lieux, v\u00e9hicules, corps&#8230; Au royaume du d\u00e9o bon march\u00e9 et du pschitt brise-marine, les fragrances impromptues peinent \u00e0 nous surprendre&#8230; ou peut-\u00eatre n\u2019y pr\u00eatons-nous qu\u2019une narine distraite ? Durant cette crise sanitaire, les pertes d&#8217;odorat plus ou moins marqu\u00e9es ont tristement rappel\u00e9 combien notre monde est odorif\u00e8re. Sentir pour se rep\u00e9rer, interagir, se rem\u00e9morer\u2026 Comment fait-on d\u00e9j\u00e0 ? Parle-t-on le m\u00eame langage odorant ? Et comment notre rapport aux odeurs a-t-il \u00e9volu\u00e9 ?<\/p>\n<p>Intervenants :<\/p>\n<ul>\n<li>Dominique Paquet, actrice, philosophe et dramaturge<\/li>\n<li>Cl\u00e9mentine Humeau, nez, cr\u00e9atrice parfumeuse chez Les Olfactines<\/li>\n<li><strong>Guillaume Ferreira<\/strong>, directeur de recherche Inrae au laboratoire Nutrineuro (Nutrition et neurobiologie int\u00e9gr\u00e9e &#8211; Inrae et universit\u00e9 de Bordeaux)<\/li>\n<\/ul>\n<div class=\"inside\">\n<p><strong>Caf\u00e9-d\u00e9bat : douleur(s) : combattre, masquer, vivre avec ?<br \/>\n<\/strong>Mardi 15 mars 2022 &#8211; 18h30 &#8211; Station Ausone, 8 rue de la Vieille Tour, Bordeaux<\/p>\n<p><i>Dans le cadre de la semaine du cerveau<\/i><\/p>\n<p>Avoir mal ? Une \u00e9preuve in\u00e9vitable qui s\u2019inscrit parfois dans la dur\u00e9e : pr\u00e8s d\u2019un tiers de la population fran\u00e7aise adulte souffre de douleurs chroniques. Analg\u00e9siques, antalgiques, antid\u00e9presseurs ne peuvent \u00eatre la seule r\u00e9ponse : quid de la dimension infiniment personnelle, intime que recouvre la douleur ? Mais de quelle fa\u00e7on le v\u00e9cu interf\u00e8re-t-il avec des m\u00e9canismes biologiques universels ? Et comment le personnel soignant peut-il composer avec celui-ci ? D\u2019une question m\u00e9dicale, l\u2019enjeu se r\u00e9v\u00e8le vite soci\u00e9tal\u2026<\/p>\n<p>Intervenants :<\/p>\n<ul>\n<li><strong>Guy Simonnet<\/strong>, professeur \u00e9m\u00e9rite de l\u2019universit\u00e9 de Bordeaux en neurobiologie \u00e0 l&#8217;Incia (Institut de neurosciences cognitives et int\u00e9gratives d\u2019Aquitaine &#8211; <a class=\"ca_glossary\" href=\"https:\/\/www.u-bordeaux.fr\/Lexique#link-fiche9856\">CNRS<\/a> et universit\u00e9 de Bordeaux), auteur du livre <u>L\u2019homme douloureux<\/u><\/li>\n<li>Isabelle Galichon, docteure en litt\u00e9rature et sp\u00e9cialiste de la m\u00e9decine narrative \u00e0 l\u2019universit\u00e9 Bordeaux Montaigne<\/li>\n<\/ul>\n<\/div>\n<\/div>\n<h2>Tout le programme<\/h2>\n<p><a href=\"https:\/\/www.u-bordeaux.fr\/Actualites\/De-la-recherche\/Les-Rencards-du-savoir-saison-2021-2022\">https:\/\/www.u-bordeaux.fr\/Actualites\/De-la-recherche\/Les-Rencards-du-savoir-saison-2021-2022<\/a><\/p>\n<\/div>\n","protected":false},"excerpt":{"rendered":"<p>Par le service culture de l&#8217;universit\u00e9. <\/p>\n","protected":false},"author":108,"featured_media":139332,"comment_status":"closed","ping_status":"closed","sticky":false,"template":"","format":"standard","meta":{"footnotes":""},"categories":[314,58,140],"tags":[],"class_list":["post-139505","post","type-post","status-publish","format-standard","has-post-thumbnail","hentry","category-at-the-university","category-evenement-en","category-for-all"],"_links":{"self":[{"href":"https:\/\/www.bordeaux-neurocampus.fr\/en\/wp-json\/wp\/v2\/posts\/139505","targetHints":{"allow":["GET"]}}],"collection":[{"href":"https:\/\/www.bordeaux-neurocampus.fr\/en\/wp-json\/wp\/v2\/posts"}],"about":[{"href":"https:\/\/www.bordeaux-neurocampus.fr\/en\/wp-json\/wp\/v2\/types\/post"}],"author":[{"embeddable":true,"href":"https:\/\/www.bordeaux-neurocampus.fr\/en\/wp-json\/wp\/v2\/users\/108"}],"replies":[{"embeddable":true,"href":"https:\/\/www.bordeaux-neurocampus.fr\/en\/wp-json\/wp\/v2\/comments?post=139505"}],"version-history":[{"count":1,"href":"https:\/\/www.bordeaux-neurocampus.fr\/en\/wp-json\/wp\/v2\/posts\/139505\/revisions"}],"predecessor-version":[{"id":139525,"href":"https:\/\/www.bordeaux-neurocampus.fr\/en\/wp-json\/wp\/v2\/posts\/139505\/revisions\/139525"}],"wp:featuredmedia":[{"embeddable":true,"href":"https:\/\/www.bordeaux-neurocampus.fr\/en\/wp-json\/wp\/v2\/media\/139332"}],"wp:attachment":[{"href":"https:\/\/www.bordeaux-neurocampus.fr\/en\/wp-json\/wp\/v2\/media?parent=139505"}],"wp:term":[{"taxonomy":"category","embeddable":true,"href":"https:\/\/www.bordeaux-neurocampus.fr\/en\/wp-json\/wp\/v2\/categories?post=139505"},{"taxonomy":"post_tag","embeddable":true,"href":"https:\/\/www.bordeaux-neurocampus.fr\/en\/wp-json\/wp\/v2\/tags?post=139505"}],"curies":[{"name":"wp","href":"https:\/\/api.w.org\/{rel}","templated":true}]}}