{"id":136348,"date":"2021-06-16T23:40:55","date_gmt":"2021-06-16T21:40:55","guid":{"rendered":"https:\/\/www.bordeaux-neurocampus.fr\/covid-19-autotests-gratuits\/"},"modified":"2021-06-16T23:40:55","modified_gmt":"2021-06-16T21:40:55","slug":"covid-19-autotests-gratuits","status":"publish","type":"post","link":"https:\/\/www.bordeaux-neurocampus.fr\/en\/covid-19-autotests-gratuits\/","title":{"rendered":"Covid-19 : autotests gratuits"},"content":{"rendered":"<div id=\"intro\" class=\"cms \">\n<div class=\"page\">\n<p>Dans le cadre de la strat\u00e9gie \u00ab Tester &#8211; Alerter &#8211; Prot\u00e9ger \u00bb, pour lutter contre la propagation du Covid-19, le minist\u00e8re de l\u2019enseignement sup\u00e9rieur, de la recherche et de l\u2019innovation a lanc\u00e9 une campagne d\u2019autotests antig\u00e9niques au sein des \u00e9tablissements d\u2019enseignement sup\u00e9rieur.<\/p>\n<p>L\u2019universit\u00e9 de Bordeaux met \u00e0 la disposition de ses \u00e9tudiants et personnels des autotests gratuits depuis le mardi 18 mai.<\/p>\n<h2 id=\"title-que-sont-les-autotests\">Que sont les autotests ?<\/h2>\n<p>Les autotests COVID sont des tests antig\u00e9niques dont le pr\u00e9l\u00e8vement et la lecture du r\u00e9sultat peuvent \u00eatre r\u00e9alis\u00e9s seul\u00a0\u00e0 l\u2019aide\u00a0d\u2019un \u00e9couvillon introduit dans le nez. Le kit est valable pour une dur\u00e9e de 5 semaines \u00e0 raison d\u2019un test par semaine.<\/p>\n<p><a id=\"eztoc1_2\" name=\"eztoc1_2\"><\/a><\/p>\n<h2 id=\"title-a-quoi-servent-ils\">\u00c0 quoi servent-ils ?<\/h2>\n<p>Ils servent \u00e0 d\u00e9pister les personnes qui\u00a0n\u2019ont pas de sympt\u00f4mes et qui ne\u00a0sont pas personnes contacts. Ils permettent de savoir si on est porteur ou\u00a0non du COVID-19, mais n\u2019ont d\u2019int\u00e9r\u00eat\u00a0que s\u2019ils sont faits r\u00e9guli\u00e8rement, par\u00a0exemple une fois par semaine avant de venir pour la premi\u00e8re fois \u00e0 l\u2019universit\u00e9. Les r\u00e9sultats sont d\u00e9termin\u00e9s en quinze \u00e0 vingt minutes.<\/p>\n<p><a id=\"eztoc1_3\" name=\"eztoc1_3\"><\/a><\/p>\n<h2 id=\"title-ressources-utiles\">Ressources utiles<\/h2>\n<ul>\n<li><b>Tutoriel vid\u00e9o<\/b><\/li>\n<\/ul>\n<div class=\"embed-container\"><iframe src=\"https:\/\/www.dailymotion.com\/embed\/video\/x80n986\" frameborder=\"0\" allowfullscreen=\"allowfullscreen\" data-mce-fragment=\"1\"><\/iframe><\/div>\n<p>&nbsp;<\/p>\n<ul>\n<li><a href=\"https:\/\/www.u-bordeaux.fr\/content\/download\/111953\/839713\/version\/1\/file\/guide_autotest_ens_sup.pdf\" target=\"_self\" rel=\"noopener\">Guide d\u2019utilisation de l\u2019autotest nasal dans les \u00e9tablissements d&#8217;enseignement sup\u00e9rieur<\/a><\/li>\n<li><a href=\"https:\/\/www.u-bordeaux.fr\/content\/download\/111951\/839705\/version\/1\/file\/logigramme_auto-test.pdf\" target=\"_self\" rel=\"noopener\">Que dois-je faire apr\u00e8s mon autotest ?<\/a><\/li>\n<\/ul>\n<p><a id=\"eztoc1_4\" name=\"eztoc1_4\"><\/a><\/p>\n<h2 id=\"title-ou-retirer-des-autotests\">O\u00f9 retirer des autotests ?<\/h2>\n<p><a id=\"eztoc1_4_1\" name=\"eztoc1_4_1\"><\/a><\/p>\n<h3>Site de Talence<\/h3>\n<p><b>Campus\u00a0Peixotto<\/b><\/p>\n<p>Guichet en loge A, b\u00e2timent A39, entr\u00e9e cours de la Lib\u00e9ration<\/p>\n<p>Contact\u00a0: C\u00e9cile Graul au\u00a0<a href=\"\/\/callto\/05%252040%252000%252060%252001\" target=\"_blank\" rel=\"noopener\">05 40 00 60 01<\/a><\/p>\n<p>Horaires : tous les jours (sauf week-end\u00a0jours f\u00e9ri\u00e9s)\u00a0de\u00a08h15 \u00e0 12h et de 13h30 \u00e0 16h30<\/p>\n<p><b>Campus Bordes<\/b><\/p>\n<p>Guichet en loge B, b\u00e2timent B9, All\u00e9e Geoffroy Saint-Hilaire<\/p>\n<p>Contact\u00a0: Sylvie Ducrocq au\u00a0<a href=\"\/\/callto\/05%252040%252000%252088%252017\" target=\"_blank\" rel=\"noopener\">05 40 00 88 17<\/a><\/p>\n<p>Horaires : tous les jours (sauf week-end et jours f\u00e9ri\u00e9s)\u00a0de\u00a08h15 \u00e0 12h et de 13h30 \u00e0 16h30<\/p>\n<p>&nbsp;<\/p>\n<p><a id=\"eztoc1_4_2\" name=\"eztoc1_4_2\"><\/a><\/p>\n<h3>Site de Carreire<\/h3>\n<p>125 Rue Bethmann, B\u00e2timent ED Rez de chauss\u00e9e &#8211; Salle des th\u00e8ses<\/p>\n<p>Contact :\u00a0<a href=\"05%2057%2057%2015%2097\" target=\"_blank\" rel=\"noopener\">05 57 57 15 97<\/a><\/p>\n<p>Horaires : tous les jours (sauf\u00a0week-end et jours f\u00e9ri\u00e9s)\u00a0\u00a0de 9h \u00e0 16h<\/p>\n<p>&nbsp;<\/p>\n<p><a id=\"eztoc1_4_3\" name=\"eztoc1_4_3\"><\/a><\/p>\n<h3>Site de la Victoire<\/h3>\n<p>Guichet a la salle 208, 2\u00e9me \u00e9tage bat C.<\/p>\n<p>Contact :\u00a0<a href=\"\/\/callto\/0615021108\" target=\"_blank\" rel=\"noopener\">06 15 02 11 08<\/a><\/p>\n<p>Horaires : tous les jours (sauf\u00a0week-end et jours f\u00e9ri\u00e9s)\u00a0\u00a0de 9h \u00e0 12h<\/p>\n<p>&nbsp;<\/p>\n<p><a id=\"eztoc1_4_4\" name=\"eztoc1_4_4\"><\/a><\/p>\n<h3>Site de Pessac<\/h3>\n<p>Guichet rez-de-chauss\u00e9e, porte ext\u00e9rieure du courrier, situ\u00e9e entre les entr\u00e9es A et B.<\/p>\n<p>Contact au\u00a0<a href=\"\/\/callto\/06.10.74.08.48\" target=\"_blank\" rel=\"noopener\">06 10 74 08 48<\/a><\/p>\n<p>Horaires : tous les jours (sauf\u00a0week-end et\u00a0jours f\u00e9ri\u00e9s) de 8h30 \u00e0 12h et de 13h15 \u00e0 16h<\/p>\n<p>&nbsp;<\/p>\n<p><a id=\"eztoc1_4_5\" name=\"eztoc1_4_5\"><\/a><\/p>\n<h3>Site de Pey Berland<\/h3>\n<p>Guichet 1 : rue Cabirol (au niveau du n\u00b03)<\/p>\n<p>Entr\u00e9e munie d&#8217;un lecteur de badge, Accueil situ\u00e9 au rez-de-chauss\u00e9e du b\u00e2timent<\/p>\n<p>Guichet 2 : accueil du\u00a0<u>b\u00e2timent Pey Berland<\/u>\u00a0:<\/p>\n<p>Entr\u00e9e par la rue Cabirol (au niveau du n\u00b06)<\/p>\n<p>Entr\u00e9e munie d&#8217;un lecteur de badge, accueil situ\u00e9 au rez-de-chauss\u00e9e du b\u00e2timent\u00a0: retrait possible\u00a0par appel t\u00e9l\u00e9phonique au\u00a0<a href=\"\/\/callto\/06%252027%252080%252032%252048\" target=\"_blank\" rel=\"noopener\">06 27 80 32 48<\/a><\/p>\n<p>Horaires : tous les jours (sauf\u00a0week-end et jours f\u00e9ri\u00e9s)\u00a0de 8h \u00e0 11h30 et de 13h30 \u00e0 16h<\/p>\n<p>&nbsp;<\/p>\n<p><a id=\"eztoc1_4_6\" name=\"eztoc1_4_6\"><\/a><\/p>\n<h3>Site du p\u00f4le universitaire des Sciences de Gestion<\/h3>\n<p><b>Campus Bastide<\/b><\/p>\n<p>Guichet au B\u00e2timent C &#8211; RDC &#8211; Hall C H002<\/p>\n<p>Contacts :\u00a0<a href=\"\/\/callto\/06%252011%252057%252067%252014\" target=\"_blank\" rel=\"noopener\">06 11 57 67 14<\/a><\/p>\n<p>Horaires : tous les jours (sauf\u00a0week-end et jours f\u00e9ri\u00e9s) de 9h \u00e0 11h et de 14h \u00e0 16h<\/p>\n<p>&nbsp;<\/p>\n<\/div>\n<\/div>\n<p>&nbsp;<\/p>\n","protected":false},"excerpt":{"rendered":"<p>Campus Carreire : \u00e0 retirer en salle des th\u00e8ses (B\u00e2timent ED)<\/p>\n","protected":false},"author":108,"featured_media":136184,"comment_status":"closed","ping_status":"closed","sticky":false,"template":"","format":"standard","meta":{"footnotes":""},"categories":[314],"tags":[],"class_list":["post-136348","post","type-post","status-publish","format-standard","has-post-thumbnail","hentry","category-at-the-university"],"_links":{"self":[{"href":"https:\/\/www.bordeaux-neurocampus.fr\/en\/wp-json\/wp\/v2\/posts\/136348","targetHints":{"allow":["GET"]}}],"collection":[{"href":"https:\/\/www.bordeaux-neurocampus.fr\/en\/wp-json\/wp\/v2\/posts"}],"about":[{"href":"https:\/\/www.bordeaux-neurocampus.fr\/en\/wp-json\/wp\/v2\/types\/post"}],"author":[{"embeddable":true,"href":"https:\/\/www.bordeaux-neurocampus.fr\/en\/wp-json\/wp\/v2\/users\/108"}],"replies":[{"embeddable":true,"href":"https:\/\/www.bordeaux-neurocampus.fr\/en\/wp-json\/wp\/v2\/comments?post=136348"}],"version-history":[{"count":0,"href":"https:\/\/www.bordeaux-neurocampus.fr\/en\/wp-json\/wp\/v2\/posts\/136348\/revisions"}],"wp:featuredmedia":[{"embeddable":true,"href":"https:\/\/www.bordeaux-neurocampus.fr\/en\/wp-json\/wp\/v2\/media\/136184"}],"wp:attachment":[{"href":"https:\/\/www.bordeaux-neurocampus.fr\/en\/wp-json\/wp\/v2\/media?parent=136348"}],"wp:term":[{"taxonomy":"category","embeddable":true,"href":"https:\/\/www.bordeaux-neurocampus.fr\/en\/wp-json\/wp\/v2\/categories?post=136348"},{"taxonomy":"post_tag","embeddable":true,"href":"https:\/\/www.bordeaux-neurocampus.fr\/en\/wp-json\/wp\/v2\/tags?post=136348"}],"curies":[{"name":"wp","href":"https:\/\/api.w.org\/{rel}","templated":true}]}}