{"id":122737,"date":"2020-07-01T14:39:57","date_gmt":"2020-07-01T12:39:57","guid":{"rendered":"https:\/\/www.bordeaux-neurocampus.fr\/le-point-sur-laccueil-des-etudiants-internationaux\/"},"modified":"2020-07-24T10:12:13","modified_gmt":"2020-07-24T08:12:13","slug":"le-point-sur-laccueil-des-etudiants-internationaux","status":"publish","type":"post","link":"https:\/\/www.bordeaux-neurocampus.fr\/en\/le-point-sur-laccueil-des-etudiants-internationaux\/","title":{"rendered":"Le point sur l&#8217;accueil des \u00e9tudiants internationaux"},"content":{"rendered":"<p><strong><a href=\"https:\/\/www.u-bordeaux.fr\/Actualites\/De-la-formation\/Le-point-sur-l-accueil-des-etudiants-internationaux\">Source : www.u-bordeaux.fr<\/a><\/strong><\/p>\n<p>La crise sanitaire li\u00e9e \u00e0 la Covid-19 oblige l&#8217;universit\u00e9 \u00e0 revoir ses modalit\u00e9s d&#8217;accueil des \u00e9tudiants internationaux. Le point avec Joanne Pag\u00e8ze, vice-pr\u00e9sidente en charge de l&#8217;internationalisation.<\/p>\n<h2 id=\"title-quelle-est-la-politique-de-l-universite-de-bordeaux-pour-l-accueil-des-etudiants-internationaux-pour-la-rentree-de-septembre-2020\">Quelle est la politique de l\u2019universit\u00e9 de Bordeaux pour l\u2019accueil des \u00e9tudiants internationaux pour la rentr\u00e9e\u00a0de septembre 2020 ?<\/h2>\n<p>Dans les conditions particuli\u00e8res actuelles, nous consid\u00e9rons que l\u2019admission de candidats internationaux (hors Europe) en mobilit\u00e9 entrante individuelle ne peut \u00eatre envisag\u00e9e que si l\u2019acc\u00e8s \u00e0 distance \u00e0 la formation dans son int\u00e9gralit\u00e9 peut \u00eatre garanti. L\u2019objectif est de prendre en compte la situation des \u00e9tudiants \u00e9trangers qui ne pourraient pas rejoindre nos campus \u00e0 temps pour la rentr\u00e9e ou qui arriveraient en d\u00e9cal\u00e9. Ils \u00a0doivent imp\u00e9rativement dans ce cas pouvoir suivre malgr\u00e9 tout la formation depuis leur pays, pour ne pas \u00eatre p\u00e9nalis\u00e9s dans leur cursus.<br \/>\nCette \u00e9ventualit\u00e9 est donc indiqu\u00e9e aux candidats qui re\u00e7oivent un avis favorable. Ils sont libres de confirmer ou pas leur inscription, sous r\u00e9serve de disposer dans leur pays d\u2019origine des moyens num\u00e9riques n\u00e9cessaires (ordinateur, connexion suffisante\u2026) pour suivre la formation dans les conditions \u00e0 distance qui leur sont pr\u00e9cis\u00e9es par avance, par mesure de pr\u00e9caution.<\/p>\n<p>Cela signifie concr\u00e8tement que les formations que nos composantes ne peuvent pas proposer int\u00e9gralement \u00e0 distance n\u2019admettront malheureusement pas de candidats internationaux hors-Europe pour l\u2019ann\u00e9e 2020-2021, \u00e0 l\u2019exception de quelques cursus sp\u00e9cifiques, fortement orient\u00e9s sur l\u2019accueil d\u2019\u00e9tudiants internationaux et qui, apr\u00e8s mise en garde, proposent des ajustements pour pallier \u00e0 ces \u00e9ventuels retards (voir la section sur les options propos\u00e9es ci-dessous et conditions pr\u00e9cises sur les sites des composantes de formation).<\/p>\n<p><a id=\"eztoc1_2\" name=\"eztoc1_2\"><\/a><\/p>\n<h2 id=\"title-et-ce-malgre-l-ouverture-des-frontieres\">Et ce malgr\u00e9 l\u2019ouverture des fronti\u00e8res\u00a0?<\/h2>\n<p>Effectivement les fronti\u00e8res fran\u00e7aises rouvrent et le Pr\u00e9sident de la R\u00e9publique a annonc\u00e9 que les demandes de visas \u00e9tudiants seraient prioritaires.<\/p>\n<p>N\u00e9anmoins la crise de ces derniers mois a \u00e9t\u00e9 marqu\u00e9e par l\u2019incertitude, nous l\u2019avons tous constat\u00e9. Nous sommes donc partis du principe que ces incertitudes notamment en mati\u00e8re de conditions de d\u00e9placements dans les prochains mois risque d\u2019accentuer les difficult\u00e9s ordinaires pour l\u2019obtention de visa, les liaisons a\u00e9riennes ou encore pour l\u2019acc\u00e8s au logement, entra\u00eenant des retards voire des abandons des projets de mobilit\u00e9s \u00e9tudiantes, malgr\u00e9 les annonces du gouvernement.<\/p>\n<p><a id=\"eztoc1_3\" name=\"eztoc1_3\"><\/a><\/p>\n<h2 id=\"title-comment-va-se-passer-la-rentree-pour-les-internationaux-hors-europe-admis-a-la-rentree-2020\">Comment va se passer la rentr\u00e9e pour les internationaux (hors Europe) admis \u00e0 la rentr\u00e9e 2020 ?<\/h2>\n<p>Les \u00e9tudiants internationaux admis suivent la formation comme les \u00e9tudiants fran\u00e7ais, c\u2019est-\u00e0-dire \u00a0selon les m\u00eames modalit\u00e9s hybrides, mixant enseignements en pr\u00e9sentiel (dans le respect des consignes sanitaires) et formation \u00e0 distance. Ces modalit\u00e9s, dont tous les \u00e9tudiants admis ont \u00e9t\u00e9 inform\u00e9s, d\u00e9pendent des cursus et des facult\u00e9s.<\/p>\n<p>Les \u00e9tudiants internationaux admis dans nos formations doivent toutefois se pr\u00e9parer \u00e0 la possibilit\u00e9 d\u2019une arriv\u00e9e tardive \u00e0 Bordeaux voire m\u00eame sur le campus, par exemple si des quarantaines pr\u00e9ventives devaient \u00eatre remises en place. Pour cette raison ils doivent s\u2019assurer de disposer d\u2019un bon \u00e9quipement informatique et d\u2019une connexion internet fiable qui leur permettront de suivre les enseignements \u00e0 distance, soit dans leur pays d\u2019origine, soit dans leur logement \u00e0 proximit\u00e9 des campus de l\u2019universit\u00e9 de Bordeaux (par exemple en cas de quarantaine ou de nouveau confinement).<\/p>\n<p>Pour nos formations conventionn\u00e9es ou labellis\u00e9es (doubles dipl\u00f4mes, programmes Erasmus Mundus, master internationaux), les \u00e9quipes p\u00e9dagogiques bordelaises ont travaill\u00e9 avec nos partenaires internationaux afin d\u2019adapter et am\u00e9nager ces cursus en concertation\u00a0: r\u00e9organisation des calendriers de mobilit\u00e9, adaptations en distanciel, mise en place de tutorat etc.). Ainsi certaines mobilit\u00e9s ont d\u2019ores et d\u00e9j\u00e0 \u00e9t\u00e9 d\u00e9cal\u00e9es au second semestre par mesure de pr\u00e9caution.<\/p>\n<p><a id=\"eztoc1_4\" name=\"eztoc1_4\"><\/a><\/p>\n<h2 id=\"title-que-conseillez-vous-alors-a-ceux-qui-ne-pourront-pas-suivre-la-formation-qu-ils-souhaitent\">Que conseillez-vous alors \u00e0 ceux qui ne pourront pas suivre la formation qu\u2019ils souhaitent\u00a0?<\/h2>\n<p>Nous comprenons bien sur la d\u00e9ception des candidats qui n\u2019ont pas pu \u00eatre admis cette ann\u00e9e et regrettons nous-m\u00eames d\u2019accueillir moins d\u2019\u00e9tudiants internationaux que d\u2019habitude sur nos campus. Mais nous esp\u00e9rons qu\u2019ils pourront \u00e0 nouveau candidater l\u2019ann\u00e9e prochaine\u00a0; nous les invitons donc \u00e0 d\u00e9caler leur mobilit\u00e9 \u00e0 Bordeaux \u00e0 l\u2019ann\u00e9e prochaine quand c\u2019est possible.<\/p>\n<p>Je tiens \u00e0 insister sur notre attachement \u00a0\u00e0 la qualit\u00e9 de nos formations et \u00e0 celle de l\u2019accueil des \u00e9tudiants internationaux, ainsi qu\u2019\u00e0 la r\u00e9ussite de tous nos \u00e9tudiants. Nous d\u00e9ployons beaucoup d\u2019efforts dans ce sens et sommes d\u2019ailleurs fiers de l\u2019obtention en 2020 du label \u00ab\u00a0Bienvenue en France\u00a0\u00bb qui reconnait la qualit\u00e9 de l\u2019accueil et la vie \u00e9tudiante \u00e0 l\u2019universit\u00e9 de Bordeaux. Nous tenons \u00e0 garantir ce niveau de qualit\u00e9 et ces conditions favorables \u00e0 la r\u00e9ussite de toutes et de tous dans nos formations. Or le contexte actuel, qui n\u00e9cessite que nous nous adaptions, ne permettrait pas de le garantir compte tenu de ces trop nombreuses incertitudes.<\/p>\n<p>Notre universit\u00e9 a une forte composante internationale et nous esp\u00e9rons pouvoir accueillir l\u2019ann\u00e9e prochaine autant d\u2019\u00e9tudiants internationaux que nous le faisons habituellement\u00a0: ils sont chaque ann\u00e9e plus de 6200 sur nos campus, tous niveaux et tous types de mobilit\u00e9 confondus\u00a0!<\/p>\n","protected":false},"excerpt":{"rendered":"<p>Le point avec Joanne Pag\u00e8ze, vice-pr\u00e9sidente en charge de l&#8217;internationalisation.<\/p>\n","protected":false},"author":108,"featured_media":112994,"comment_status":"closed","ping_status":"closed","sticky":false,"template":"","format":"standard","meta":{"footnotes":""},"categories":[314],"tags":[],"class_list":["post-122737","post","type-post","status-publish","format-standard","has-post-thumbnail","hentry","category-at-the-university"],"_links":{"self":[{"href":"https:\/\/www.bordeaux-neurocampus.fr\/en\/wp-json\/wp\/v2\/posts\/122737","targetHints":{"allow":["GET"]}}],"collection":[{"href":"https:\/\/www.bordeaux-neurocampus.fr\/en\/wp-json\/wp\/v2\/posts"}],"about":[{"href":"https:\/\/www.bordeaux-neurocampus.fr\/en\/wp-json\/wp\/v2\/types\/post"}],"author":[{"embeddable":true,"href":"https:\/\/www.bordeaux-neurocampus.fr\/en\/wp-json\/wp\/v2\/users\/108"}],"replies":[{"embeddable":true,"href":"https:\/\/www.bordeaux-neurocampus.fr\/en\/wp-json\/wp\/v2\/comments?post=122737"}],"version-history":[{"count":0,"href":"https:\/\/www.bordeaux-neurocampus.fr\/en\/wp-json\/wp\/v2\/posts\/122737\/revisions"}],"wp:featuredmedia":[{"embeddable":true,"href":"https:\/\/www.bordeaux-neurocampus.fr\/en\/wp-json\/wp\/v2\/media\/112994"}],"wp:attachment":[{"href":"https:\/\/www.bordeaux-neurocampus.fr\/en\/wp-json\/wp\/v2\/media?parent=122737"}],"wp:term":[{"taxonomy":"category","embeddable":true,"href":"https:\/\/www.bordeaux-neurocampus.fr\/en\/wp-json\/wp\/v2\/categories?post=122737"},{"taxonomy":"post_tag","embeddable":true,"href":"https:\/\/www.bordeaux-neurocampus.fr\/en\/wp-json\/wp\/v2\/tags?post=122737"}],"curies":[{"name":"wp","href":"https:\/\/api.w.org\/{rel}","templated":true}]}}