{"id":120744,"date":"2020-05-13T17:43:14","date_gmt":"2020-05-13T15:43:14","guid":{"rendered":"https:\/\/www.bordeaux-neurocampus.fr\/?p=120744"},"modified":"2020-05-13T22:25:27","modified_gmt":"2020-05-13T20:25:27","slug":"conditions-et-consignes-sanitaires-pour-la-reprise-dactivite-sur-les-sites","status":"publish","type":"post","link":"https:\/\/www.bordeaux-neurocampus.fr\/en\/conditions-et-consignes-sanitaires-pour-la-reprise-dactivite-sur-les-sites\/","title":{"rendered":"Conditions et consignes sanitaires pour la reprise d\u2019activit\u00e9 sur les sites"},"content":{"rendered":"<p>A partir du 18 mai, une reprise d&#8217;activit\u00e9 progressive commencera sur les diff\u00e9rents sites. Retrouvez l&#8217;ensemble des mesures sanitaires prises par l&#8217;universit\u00e9 pour assurer la s\u00e9curit\u00e9 de tous.<\/p>\n<h2 id=\"title-note-d-information\">Note d&#8217;information<\/h2>\n<p>La note d&#8217;information t\u00e9l\u00e9chargeable ci-dessous propose un cadre g\u00e9n\u00e9ral sur l\u2019ensemble des mesures encadrant la reprise progressive du travail sur site dans des conditions de s\u00e9curit\u00e9 maximale. Ce cadre constitue un socle applicable \u00e0 l\u2019ensemble des agents et des activit\u00e9s h\u00e9berg\u00e9es par l\u2019universit\u00e9, et qui se substitue \u00e0 toute autre consigne qui aurait \u00e9t\u00e9 donn\u00e9e de mani\u00e8re transitoire jusqu\u2019\u00e0 aujourd\u2019hui.<\/p>\n<ul>\n<li><a href=\"https:\/\/www.u-bordeaux.fr\/content\/download\/100167\/758663\/version\/2\/file\/2020_05_11_Note%20Conditions%20et%20consignes%20sanitaires%20pour%20la%20reprise%20d%E2%80%99activit%C3%A9%20sur%20les%20sites%20de%20l%E2%80%99universit%C3%A9%20de%20Bordeaux.pdf\" target=\"_blank\" rel=\"noopener noreferrer\">T\u00e9l\u00e9charger la note sur les conditions et consignes sanitaires pour la reprise d\u2019activit\u00e9 sur les sites de l\u2019universit\u00e9 de Bordeaux<\/a><\/li>\n<\/ul>\n<p>Cette note s&#8217;accompagne de 5 fiches sanitaires et de 4 infographies.<\/p>\n<h2 id=\"title-fiches-sanitaires\">Fiches sanitaires<\/h2>\n<ul>\n<li><a href=\"https:\/\/www.u-bordeaux.fr\/content\/download\/100166\/758659\/version\/3\/file\/F1%20Prise%20en%20charge%20d'agents%20pr%C3%A9sentant%20des%20sympt%C3%B4mes%20du%20Covid-19%20V1%202020_05_11.pdf\" target=\"_blank\" rel=\"noopener noreferrer\">Fiche #1 : Prise en charge d&#8217;agents pr\u00e9sentant des sympt\u00f4mes du Covid-19<\/a><\/li>\n<li><a href=\"https:\/\/www.u-bordeaux.fr\/content\/download\/100170\/758675\/version\/4\/file\/F2%20Protection%20des%20personnes%20vuln%C3%A9rables%20V1%202020_05_11.pdf\" target=\"_blank\" rel=\"noopener noreferrer\">Fiche #2 : Protection des personnes vuln\u00e9rables<\/a><\/li>\n<li><a href=\"https:\/\/www.u-bordeaux.fr\/content\/download\/100169\/758671\/version\/2\/file\/F3%20Gestes%20barri%C3%A8res%20et%20%C3%A9quipements%20de%20protection%20individuels%20V1%202020_05_11.pdf\" target=\"_blank\" rel=\"noopener noreferrer\">Fiche #3 : Gestes barri\u00e8res et \u00e9quipements de protection individuels<\/a><\/li>\n<li><a href=\"https:\/\/www.u-bordeaux.fr\/content\/download\/100168\/758667\/version\/2\/file\/F4%20Am%C3%A9nagement%20des%20espaces%20de%20travail%20et%20locaux%20communs%20V1%202020_05_11.pdf\" target=\"_blank\" rel=\"noopener noreferrer\">Fiche #4 : Am\u00e9nagement des espaces de travail et locaux communs<\/a><\/li>\n<li><a href=\"https:\/\/www.u-bordeaux.fr\/content\/download\/100165\/758655\/version\/2\/file\/F5%20R%C3%A8gles%20li%C3%A9es%20au%20nettoyage%20et%20%C3%A0%20la%20d%C3%A9sinfection%20des%20locaux%20V1%202020_05_11.pdf\" target=\"_blank\" rel=\"noopener noreferrer\">Fiche #5 : R\u00e8gles li\u00e9es au nettoyage et \u00e0 la d\u00e9sinfection des locaux<\/a><\/li>\n<\/ul>\n<p>&nbsp;<\/p>\n<h2 id=\"title-infographies\">Infographies<\/h2>\n<ul>\n<li><a href=\"https:\/\/www.u-bordeaux.fr\/content\/download\/100177\/758703\/version\/7\/file\/INFO1_Les%20gestes%20barri%C3%A8res.pdf\" target=\"_self\" rel=\"noopener noreferrer\">Infographie #1 : Les gestes barri\u00e8res contre le Covid-19<\/a><\/li>\n<li><a href=\"https:\/\/www.u-bordeaux.fr\/content\/download\/100178\/758707\/version\/8\/file\/INFO2_Bien%20se%20laver%20les%20mains.pdf\" target=\"_self\" rel=\"noopener noreferrer\">Infographie #2 : Bien se laver les mains<\/a><\/li>\n<li><a href=\"https:\/\/www.u-bordeaux.fr\/content\/download\/100179\/758711\/version\/7\/file\/INFO3_Comment%20utiliser%20un%20masque.pdf\" target=\"_self\" rel=\"noopener noreferrer\">Infographie #3 : Comment utiliser un masque de protection ?<\/a><\/li>\n<li><a href=\"https:\/\/www.u-bordeaux.fr\/content\/download\/100180\/758715\/version\/8\/file\/INFO4_Retirer%20ses%20gants.pdf\" target=\"_self\" rel=\"noopener noreferrer\">Infographie #4 : Retirer ses gants<\/a><\/li>\n<\/ul>\n<p>&nbsp;<\/p>\n<h2 id=\"title-charte-d-engagement-personnel\">Charte d&#8217;engagement personnel<\/h2>\n<ul>\n<li><a href=\"https:\/\/www.u-bordeaux.fr\/content\/download\/100171\/758679\/version\/5\/file\/Charte%20Engagement%20personnel%20pour%20reprise%20activite%20sur%20site%202020_05_11.pdf\" target=\"_blank\" rel=\"noopener noreferrer\">Engagement individuel en vue d\u2019une reprise d\u2019activit\u00e9 sur un site de l\u2019universit\u00e9 de Bordeaux<\/a><\/li>\n<\/ul>\n<p>&nbsp;<\/p>\n<h2>Contacts\u00a0utiles<\/h2>\n<p><b>PCSI Talence<\/b>\u00a0:\u00a0<a href=\"mailto:pcsi.talence@u-bordeaux.fr\" target=\"_blank\" rel=\"noopener noreferrer\">pcsi.talence@u-bordeaux.fr<\/a><\/p>\n<p><b>PCSI Carreire<\/b>\u00a0:\u00a0<a href=\"mailto:pcsi.carreire@u-bordeaux.fr\" target=\"_self\" rel=\"noopener noreferrer\">pcsi.carreire@u-bordeaux.fr<\/a><\/p>\n<p><b>PCSI Bordeaux-Victoire<\/b>\u00a0:\u00a0<a href=\"mailto:pcsi.victoire@u-bordeaux.fr\" target=\"_blank\" rel=\"noopener noreferrer\">pcsi.victoire@u-bordeaux.fr<\/a><\/p>\n<p><b>PCSI Pessac<\/b>\u00a0:\u00a0<a href=\"mailto:pcsi.pessac@u-bordeaux.fr\" target=\"_blank\" rel=\"noopener noreferrer\">pcsi.pessac@u-bordeaux.fr<\/a><\/p>\n<p><b>Fonctionnaire s\u00e9curit\u00e9 d\u00e9fense<\/b>\u00a0:\u00a0<a href=\"mailto:fabrice.blanquie@u-bordeaux.fr\" target=\"_self\" rel=\"noopener noreferrer\">fabrice.blanquie@u-bordeaux.fr<\/a><\/p>\n<p><b>Service sant\u00e9 au travail<\/b>\u00a0:\u00a0<a href=\"mailto:sstcovid19@u-bordeaux.fr\" target=\"_self\" rel=\"noopener noreferrer\">sstcovid19@u-bordeaux.fr<\/a><\/p>\n<p><b>Service social :\u00a0\u00a0<\/b><a href=\"mailto:servicesocialcovid19@u-bordeaux.fr\" target=\"_blank\" rel=\"noopener noreferrer\">servicesocialcovid19@u-bordeaux.fr<\/a><\/p>\n<hr \/>\n<p>Source : <a href=\"https:\/\/www.u-bordeaux.fr\/consignes-reprise-activite\">www.u-bordeaux.fr<\/a><\/p>\n","protected":false},"excerpt":{"rendered":"<p>A partir du 18 mai. Retrouvez l&#8217;ensemble des mesures sanitaires prises par l&#8217;universit\u00e9 pour assurer la s\u00e9curit\u00e9 de tous.\u00a0<\/p>\n","protected":false},"author":108,"featured_media":112994,"comment_status":"closed","ping_status":"closed","sticky":false,"template":"","format":"standard","meta":{"footnotes":""},"categories":[82],"tags":[],"class_list":["post-120744","post","type-post","status-publish","format-standard","has-post-thumbnail","hentry","category-between-us"],"_links":{"self":[{"href":"https:\/\/www.bordeaux-neurocampus.fr\/en\/wp-json\/wp\/v2\/posts\/120744","targetHints":{"allow":["GET"]}}],"collection":[{"href":"https:\/\/www.bordeaux-neurocampus.fr\/en\/wp-json\/wp\/v2\/posts"}],"about":[{"href":"https:\/\/www.bordeaux-neurocampus.fr\/en\/wp-json\/wp\/v2\/types\/post"}],"author":[{"embeddable":true,"href":"https:\/\/www.bordeaux-neurocampus.fr\/en\/wp-json\/wp\/v2\/users\/108"}],"replies":[{"embeddable":true,"href":"https:\/\/www.bordeaux-neurocampus.fr\/en\/wp-json\/wp\/v2\/comments?post=120744"}],"version-history":[{"count":0,"href":"https:\/\/www.bordeaux-neurocampus.fr\/en\/wp-json\/wp\/v2\/posts\/120744\/revisions"}],"wp:featuredmedia":[{"embeddable":true,"href":"https:\/\/www.bordeaux-neurocampus.fr\/en\/wp-json\/wp\/v2\/media\/112994"}],"wp:attachment":[{"href":"https:\/\/www.bordeaux-neurocampus.fr\/en\/wp-json\/wp\/v2\/media?parent=120744"}],"wp:term":[{"taxonomy":"category","embeddable":true,"href":"https:\/\/www.bordeaux-neurocampus.fr\/en\/wp-json\/wp\/v2\/categories?post=120744"},{"taxonomy":"post_tag","embeddable":true,"href":"https:\/\/www.bordeaux-neurocampus.fr\/en\/wp-json\/wp\/v2\/tags?post=120744"}],"curies":[{"name":"wp","href":"https:\/\/api.w.org\/{rel}","templated":true}]}}