{"id":120281,"date":"2020-04-30T13:25:59","date_gmt":"2020-04-30T11:25:59","guid":{"rendered":"https:\/\/www.bordeaux-neurocampus.fr\/?p=120281"},"modified":"2020-04-30T16:09:00","modified_gmt":"2020-04-30T14:09:00","slug":"covid-19-et-confinement-faites-avancer-les-connaissances-participez-aux-enquetes-de-linserm-2","status":"publish","type":"post","link":"https:\/\/www.bordeaux-neurocampus.fr\/en\/covid-19-et-confinement-faites-avancer-les-connaissances-participez-aux-enquetes-de-linserm-2\/","title":{"rendered":"Covid-19 et confinement : faites avancer les connaissances, participez aux enqu\u00eates de l&#8217;INSERM"},"content":{"rendered":"<p><a href=\"https:\/\/www.inserm.fr\/actualites-et-evenements\/actualites\/covid-19-et-confinement-faites-avancer-connaissances-participez-enquetes-nos-chercheurs\">Source : INSERM\u00a0<\/a><\/p>\n<hr \/>\n<div class=\"template1__part2\">\n<div class=\"container1 modLayout1\">\n<div class=\"mainContent__intro articleBox1__intro\">\n<div class=\"container-fluid\">\n<div class=\"row\">\n<div class=\"col-lg-9 col-xl-8 offset-xl-1\">\n<div class=\"wysiwyg wysiwyg--skin2\">\n<p>Afin de documenter de nombreux aspects de la situation in\u00e9dite que nous vivons actuellement, des \u00e9quipes Inserm ont lanc\u00e9 de nombreuses enqu\u00eates auxquelles vous pouvez r\u00e9pondre en ligne. Elles s\u2019int\u00e9ressent aux cons\u00e9quences de la pand\u00e9mie et de la mise en place du confinement \u00e0 travers diff\u00e9rents angles : connaissances de la population relatives au Covid-19, \u00e9volution de nos rapports sociaux, de nos comportements, retentissements psychologiques et cognitifs\u2026<br \/>\nLa liste ci-dessous n\u2019est pas exhaustive mais propose une <strong>s\u00e9lection dans le domaine des neurosciences<\/strong>. Liste compl\u00e8te et mise \u00e0 jour r\u00e9guli\u00e8rement sur <a href=\"https:\/\/www.inserm.fr\/actualites-et-evenements\/actualites\/covid-19-et-confinement-faites-avancer-connaissances-participez-enquetes-nos-chercheurs\">https:\/\/www.inserm.fr\/<\/a><\/p>\n<p>En participant \u00e0 ces enqu\u00eates, vous pouvez soutenir le d\u00e9veloppement des connaissances et faire avancer la recherche.<\/p>\n<\/div>\n<\/div>\n<\/div>\n<\/div>\n<\/div>\n<\/div>\n<\/div>\n<div class=\"template1__part3 template1__part3--isNotLast\">\n<div class=\"container1 modLayout1\">\n<div class=\"container-fluid\">\n<div class=\"bgColor2 radius2 articleBox1__body template1__body\">\n<div class=\"row\">\n<div class=\"col-xl-8 offset-xl-2\">\n<div class=\"mod modWysiwygBox\">\n<div class=\"wysiwyg wysiwyg--skin1\">\n<hr \/>\n<h2>Le confinement modifie-t-il notre sommeil et nos r\u00eaves\u00a0?<\/h2>\n<h3>Enqu\u00eate Confinement, sommeil et r\u00eaves<\/h3>\n<p>L\u2019\u00e9quipe de Perrine Ruby souhaite \u00e9valuer l\u2019impact du confinement sur nos habitudes de vie, notre sommeil et nos r\u00eaves.<\/p>\n<p>Laboratoire\u00a0: \u00e9quipe Dycog, Centre de recherche en neurosciences de Lyon (unit\u00e9 1028 Inserm\/CNRS\/Universit\u00e9 Lyon 1\/Universit\u00e9 Jean Monnet Saint-\u00c9tienne)<\/p>\n<p>\ud83d\udc49\u00a0<strong><a href=\"https:\/\/form.crnl.fr\/index.php\/163837?newtest=Y&amp;lang=fr\" target=\"_blank\" rel=\"noopener noreferrer\">Participer \u00e0 l\u2019enqu\u00eate Confinement, sommeil et r\u00eaves<\/a><\/strong><\/p>\n<hr \/>\n<h2>Le confinement nuit-il \u00e0 l\u2019attention\u00a0?<\/h2>\n<h3>Enqu\u00eate Confinement, attention et distractibilit\u00e9<\/h3>\n<p>Ce questionnaire a pour objectif d\u2019\u00e9valuer l\u2019impact \u00e9ventuel du confinement sur nos capacit\u00e9s attentionnelles, ainsi que sur celles des enfants \u00e2g\u00e9s de 6 \u00e0 17 ans. Il a \u00e9t\u00e9 con\u00e7u par Aur\u00e9lie Bidet-Caulet et ses collaborateurs.<\/p>\n<p>Laboratoire\u00a0: \u00e9quipe \u00e9quipe Dycog, Centre de recherche en neurosciences de Lyon (unit\u00e9 1028 Inserm\/CNRS\/Universit\u00e9 Lyon 1\/Universit\u00e9 Jean Monnet Saint-\u00c9tienne)<\/p>\n<p>\ud83d\udc49\u00a0<strong><a href=\"https:\/\/form.crnl.fr\/index.php\/234354?newtest=Y&amp;lang=fr\" target=\"_blank\" rel=\"noopener noreferrer\">Participez \u00e0 l\u2019enqu\u00eate Confinement, attention et distractibilit\u00e9<\/a><\/strong><\/p>\n<hr \/>\n<h2>Comment la perte de l\u2019odorat et du go\u00fbt affecte-t-elle la qualit\u00e9 de vie\u00a0?<\/h2>\n<h3>Enqu\u00eate Odorat et qualit\u00e9 de vie<\/h3>\n<p>L\u2019objectif de cette enqu\u00eate, coordonn\u00e9e par Camille Ferdenzi, est de mieux comprendre les interactions entre qualit\u00e9 de vie et troubles de l\u2019odorat et du go\u00fbt, notamment en lien avec l&#8217;\u00e9pid\u00e9mie de Covid-19. L\u2019anosmie (perte de l\u2019odorat) et l\u2019agueusie (perte du go\u00fbt) sont en effet des sympt\u00f4mes neurologiques fr\u00e9quemment associ\u00e9s \u00e0 l\u2019infection par le SARS-CoV-2.<\/p>\n<p>Laboratoire : \u00e9quipe Neuropop, Centre de recherche en neurosciences de Lyon (unit\u00e9 1028 Inserm\/CNRS\/Universit\u00e9 Lyon 1\/Universit\u00e9 Jean Monnet Saint-\u00c9tienne)<\/p>\n<p>\ud83d\udc49\u00a0<strong><a href=\"https:\/\/form.crnl.fr\/index.php\/146862?newtest=Y&amp;lang=fr\" target=\"_blank\" rel=\"noopener noreferrer\">Participer \u00e0 l\u2019enqu\u00eate Odorat et qualit\u00e9 de vie<\/a><\/strong><\/p>\n<hr \/>\n<h2><\/h2>\n<\/div>\n<\/div>\n<\/div>\n<\/div>\n<\/div>\n<\/div>\n<\/div>\n<\/div>\n","protected":false},"excerpt":{"rendered":"<p>S\u00e9lection dans le domaine des neurosciences<\/p>\n","protected":false},"author":108,"featured_media":112745,"comment_status":"closed","ping_status":"closed","sticky":false,"template":"","format":"standard","meta":{"footnotes":""},"categories":[313],"tags":[],"class_list":["post-120281","post","type-post","status-publish","format-standard","has-post-thumbnail","hentry","category-survey"],"_links":{"self":[{"href":"https:\/\/www.bordeaux-neurocampus.fr\/en\/wp-json\/wp\/v2\/posts\/120281","targetHints":{"allow":["GET"]}}],"collection":[{"href":"https:\/\/www.bordeaux-neurocampus.fr\/en\/wp-json\/wp\/v2\/posts"}],"about":[{"href":"https:\/\/www.bordeaux-neurocampus.fr\/en\/wp-json\/wp\/v2\/types\/post"}],"author":[{"embeddable":true,"href":"https:\/\/www.bordeaux-neurocampus.fr\/en\/wp-json\/wp\/v2\/users\/108"}],"replies":[{"embeddable":true,"href":"https:\/\/www.bordeaux-neurocampus.fr\/en\/wp-json\/wp\/v2\/comments?post=120281"}],"version-history":[{"count":0,"href":"https:\/\/www.bordeaux-neurocampus.fr\/en\/wp-json\/wp\/v2\/posts\/120281\/revisions"}],"wp:featuredmedia":[{"embeddable":true,"href":"https:\/\/www.bordeaux-neurocampus.fr\/en\/wp-json\/wp\/v2\/media\/112745"}],"wp:attachment":[{"href":"https:\/\/www.bordeaux-neurocampus.fr\/en\/wp-json\/wp\/v2\/media?parent=120281"}],"wp:term":[{"taxonomy":"category","embeddable":true,"href":"https:\/\/www.bordeaux-neurocampus.fr\/en\/wp-json\/wp\/v2\/categories?post=120281"},{"taxonomy":"post_tag","embeddable":true,"href":"https:\/\/www.bordeaux-neurocampus.fr\/en\/wp-json\/wp\/v2\/tags?post=120281"}],"curies":[{"name":"wp","href":"https:\/\/api.w.org\/{rel}","templated":true}]}}