{"id":117428,"date":"2020-02-20T12:29:26","date_gmt":"2020-02-20T11:29:26","guid":{"rendered":"https:\/\/www.bordeaux-neurocampus.fr\/?p=117428"},"modified":"2020-03-02T14:02:16","modified_gmt":"2020-03-02T13:02:16","slug":"reunion-du-collectif-a-c-e","status":"publish","type":"post","link":"https:\/\/www.bordeaux-neurocampus.fr\/en\/reunion-du-collectif-a-c-e\/","title":{"rendered":"R\u00e9union du collectif A.C.E."},"content":{"rendered":"<p>La situation climatique et environnementale se d\u00e9t\u00e9riore et demande une r\u00e9ponse rapide aussi bien dans la sph\u00e8re priv\u00e9e que professionnelle. Les chercheurs, \u00e0 l\u2019origine de cette alerte, portent une responsabilit\u00e9 particuli\u00e8re.<\/p>\n<p><strong><a href=\"https:\/\/www.bordeaux-neurocampus.fr\/wp-content\/uploads\/2019\/12\/logoACE.jpg\" rel=\"lightbox[114047]\"><img loading=\"lazy\" decoding=\"async\" class=\"alignright wp-image-114050 \" src=\"https:\/\/www.bordeaux-neurocampus.fr\/wp-content\/uploads\/2019\/12\/logoACE-360x240.jpg\" sizes=\"auto, (max-width: 266px) 100vw, 266px\" srcset=\"https:\/\/www.bordeaux-neurocampus.fr\/wp-content\/uploads\/2019\/12\/logoACE-360x240.jpg 360w, https:\/\/www.bordeaux-neurocampus.fr\/wp-content\/uploads\/2019\/12\/logoACE-136x91.jpg 136w, https:\/\/www.bordeaux-neurocampus.fr\/wp-content\/uploads\/2019\/12\/logoACE-640x426.jpg 640w, https:\/\/www.bordeaux-neurocampus.fr\/wp-content\/uploads\/2019\/12\/logoACE.jpg 720w\" alt=\"\" width=\"266\" height=\"177\" \/><\/a>Le collectif \u00ab\u00a0Action Climat Environnement\u00a0\u00bb (A.C.E.)<\/strong> a \u00e9t\u00e9 cr\u00e9\u00e9 en <span id=\"OBJ_PREFIX_DWT2563_com_zimbra_date\" class=\"Object\" role=\"link\">mars 2019<\/span> par des professionnels de la recherche et de l\u2019enseignement travaillant sur le campus Carreire de l\u2019Universit\u00e9 de Bordeaux dans le but d\u2019\u00e9valuer notre empreinte environnementale, de proposer des changements de pratique pour la r\u00e9duire et de relayer les informations scientifique sur la situation globale et son \u00e9volution.<\/p>\n<p>Les principes, objectifs et fonctionnement du collectif sont d\u00e9taill\u00e9s dans la charte (lien ci-dessous). A l\u2019\u00e9chelle nationale, l\u2019initiative Labo 1.5, lanc\u00e9e en 2019 et \u00e0 laquelle plusieurs d\u2019entre nous participent, permet de coordonner les efforts des groupe locaux et de proposer des outils communs.<\/p>\n<p>Le collectif ACE se r\u00e9unira <b>le 9 mars \u00e0 12h dans la salle Pyramide du centre Broca Nouvelle-Aquitaine<\/b>. Cette r\u00e9union est ouverte et toute personne souhaitant rejoindre le groupe ou simplement discuter de nos objectifs peut venir y assister. En effet avoir le colelctif souhaiterait une meilleure repr\u00e9sentativit\u00e9 des diff\u00e9rents centres de recherche du site Carreire pour agir de mani\u00e8re plus efficace dans un maximum de structures de recherche du campus.<\/p>\n<p><strong><a href=\"https:\/\/www.bordeaux-neurocampus.fr\/wp-content\/uploads\/2019\/12\/Charte-ACE-20191115.pdf\">T\u00e9l\u00e9charger la charte du collectif ACE<\/a><\/strong><\/p>\n<hr \/>\n<p><strong>Contact \u00e0 Bordeaux Neurocampus :<\/strong><br \/>\n<a href=\"https:\/\/www.bordeaux-neurocampus.fr\/staff\/arthur-leblois\/\">Arthur Leblois<\/a> et <a href=\"https:\/\/www.bordeaux-neurocampus.fr\/staff\/audrey-martinez\/\">Audrey Martinez<\/a> (IMN)<\/p>\n<p>&nbsp;<\/p>\n","protected":false},"excerpt":{"rendered":"<p>Prochaine r\u00e9union le 9 mars<\/p>\n","protected":false},"author":108,"featured_media":114051,"comment_status":"closed","ping_status":"closed","sticky":false,"template":"","format":"standard","meta":{"footnotes":""},"categories":[1],"tags":[],"class_list":["post-117428","post","type-post","status-publish","format-standard","has-post-thumbnail","hentry","category-news-neurocampus"],"_links":{"self":[{"href":"https:\/\/www.bordeaux-neurocampus.fr\/en\/wp-json\/wp\/v2\/posts\/117428","targetHints":{"allow":["GET"]}}],"collection":[{"href":"https:\/\/www.bordeaux-neurocampus.fr\/en\/wp-json\/wp\/v2\/posts"}],"about":[{"href":"https:\/\/www.bordeaux-neurocampus.fr\/en\/wp-json\/wp\/v2\/types\/post"}],"author":[{"embeddable":true,"href":"https:\/\/www.bordeaux-neurocampus.fr\/en\/wp-json\/wp\/v2\/users\/108"}],"replies":[{"embeddable":true,"href":"https:\/\/www.bordeaux-neurocampus.fr\/en\/wp-json\/wp\/v2\/comments?post=117428"}],"version-history":[{"count":0,"href":"https:\/\/www.bordeaux-neurocampus.fr\/en\/wp-json\/wp\/v2\/posts\/117428\/revisions"}],"wp:featuredmedia":[{"embeddable":true,"href":"https:\/\/www.bordeaux-neurocampus.fr\/en\/wp-json\/wp\/v2\/media\/114051"}],"wp:attachment":[{"href":"https:\/\/www.bordeaux-neurocampus.fr\/en\/wp-json\/wp\/v2\/media?parent=117428"}],"wp:term":[{"taxonomy":"category","embeddable":true,"href":"https:\/\/www.bordeaux-neurocampus.fr\/en\/wp-json\/wp\/v2\/categories?post=117428"},{"taxonomy":"post_tag","embeddable":true,"href":"https:\/\/www.bordeaux-neurocampus.fr\/en\/wp-json\/wp\/v2\/tags?post=117428"}],"curies":[{"name":"wp","href":"https:\/\/api.w.org\/{rel}","templated":true}]}}