{"id":115952,"date":"2020-02-06T16:16:16","date_gmt":"2020-02-06T15:16:16","guid":{"rendered":"https:\/\/www.bordeaux-neurocampus.fr\/?p=115952"},"modified":"2020-02-06T18:20:36","modified_gmt":"2020-02-06T17:20:36","slug":"semaine-du-cerveau-2020-participation","status":"publish","type":"post","link":"https:\/\/www.bordeaux-neurocampus.fr\/en\/semaine-du-cerveau-2020-participation\/","title":{"rendered":"Semaine du cerveau 2020"},"content":{"rendered":"<p><a href=\"https:\/\/www.bordeaux-neurocampus.fr\/wp-content\/uploads\/2019\/01\/logo-semaineducerveau.jpg\" rel=\"lightbox[115952]\"><img loading=\"lazy\" decoding=\"async\" class=\"wp-image-103756 alignright\" src=\"https:\/\/www.bordeaux-neurocampus.fr\/wp-content\/uploads\/2019\/01\/logo-semaineducerveau.jpg\" alt=\"Semaine du cerveau\" width=\"188\" height=\"169\" srcset=\"https:\/\/www.bordeaux-neurocampus.fr\/wp-content\/uploads\/2019\/01\/logo-semaineducerveau.jpg 390w, https:\/\/www.bordeaux-neurocampus.fr\/wp-content\/uploads\/2019\/01\/logo-semaineducerveau-360x323.jpg 360w\" sizes=\"auto, (max-width: 188px) 100vw, 188px\" \/><\/a>La Semaine du cerveau 2020 aura lieu <strong>du 16 au 22 mars prochains<\/strong>.<\/p>\n<p>Des groupes scolaires et le grand public seront accueillis\u00a0 les lundi 16, mardi 17 et mercredi 18 \u00e0 Bordeaux Neurocampus, pour des ateliers, rencontres, mini-conf\u00e9rences&#8230;<\/p>\n<p><strong>Vous souhaitez proposer un atelier ou une mini-conf\u00e9rence ?<\/strong><br \/>\nMerci de vous rapprocher de votre correspondant communication ou d&#8217;<a href=\"https:\/\/www.bordeaux-neurocampus.fr\/staff\/abdelhamid-benazzouz\/\">Abdelhammid Benazzouz<\/a><\/p>\n<hr \/>\n<p><strong>Trois conf\u00e9rences sont d\u00e9j\u00e0 au programme :<\/strong><\/p>\n<p class=\"entry-title summary\"><strong><a href=\"https:\/\/www.bordeaux-neurocampus.fr\/event\/conference-pour-tous-faut-il-comprendre-le-cerveau-pour-faire-de-lintelligence-artificielle\/\" rel=\"bookmark\">Faut-il comprendre le cerveau pour faire de l\u2019intelligence artificielle ?<\/a><\/strong><br \/>\n<span class=\"duration time\"><span class=\"tribe-event-date-start\">Mercredi 18 mars 2020 \/ 19:00<\/span> <span class=\"tribe-event-time\"><br \/>\n<\/span><\/span>Par Fr\u00e9d\u00e9ric Alexandre<br \/>\nLieu : Ath\u00e9n\u00e9e municipal &#8211; Bordeaux<\/p>\n<p class=\"entry-title summary\"><strong><a href=\"\/?p=114175\" rel=\"bookmark\">Le sommeil, un m\u00e9canisme \u00e0 toute \u00e9preuve ?<\/a><br \/>\n<\/strong><span class=\"duration time\"><span class=\"tribe-event-date-start\">Jeudi 19 mars 2020 \/ 18:00<\/span><span class=\"tribe-event-time\"><br \/>\nLieu : Librairie Georges, Talence<br \/>\n<\/span><\/span><em>Dans le cadre des Rencards du Savoir<\/em><\/p>\n<p class=\"entry-title summary\"><strong><a href=\"\/?p=109708\" rel=\"bookmark\">Repos, r\u00eaverie, m\u00e9ditation : ce que r\u00e9v\u00e8le l\u2019imagerie du cerveau<\/a><br \/>\n<\/strong><span class=\"duration time\"><span class=\"tribe-event-date-start\">Jeudi 19 mars 2020 \/ 18:30<\/span> <span class=\"tribe-event-time\"><br \/>\nPar Bernard Mazoyer<br \/>\n<\/span><\/span>M\u00e9diath\u00e8que Jacques Ellul, Pessac<\/p>\n<p>&nbsp;<\/p>\n","protected":false},"excerpt":{"rendered":"<p>N&#8217;h\u00e9sitez pas \u00e0 proposer un atelier ou une mini-conf\u00e9rence&nbsp;!<\/p>\n","protected":false},"author":108,"featured_media":103759,"comment_status":"closed","ping_status":"closed","sticky":false,"template":"","format":"standard","meta":{"footnotes":""},"categories":[82],"tags":[],"class_list":["post-115952","post","type-post","status-publish","format-standard","has-post-thumbnail","hentry","category-between-us"],"_links":{"self":[{"href":"https:\/\/www.bordeaux-neurocampus.fr\/en\/wp-json\/wp\/v2\/posts\/115952","targetHints":{"allow":["GET"]}}],"collection":[{"href":"https:\/\/www.bordeaux-neurocampus.fr\/en\/wp-json\/wp\/v2\/posts"}],"about":[{"href":"https:\/\/www.bordeaux-neurocampus.fr\/en\/wp-json\/wp\/v2\/types\/post"}],"author":[{"embeddable":true,"href":"https:\/\/www.bordeaux-neurocampus.fr\/en\/wp-json\/wp\/v2\/users\/108"}],"replies":[{"embeddable":true,"href":"https:\/\/www.bordeaux-neurocampus.fr\/en\/wp-json\/wp\/v2\/comments?post=115952"}],"version-history":[{"count":0,"href":"https:\/\/www.bordeaux-neurocampus.fr\/en\/wp-json\/wp\/v2\/posts\/115952\/revisions"}],"wp:featuredmedia":[{"embeddable":true,"href":"https:\/\/www.bordeaux-neurocampus.fr\/en\/wp-json\/wp\/v2\/media\/103759"}],"wp:attachment":[{"href":"https:\/\/www.bordeaux-neurocampus.fr\/en\/wp-json\/wp\/v2\/media?parent=115952"}],"wp:term":[{"taxonomy":"category","embeddable":true,"href":"https:\/\/www.bordeaux-neurocampus.fr\/en\/wp-json\/wp\/v2\/categories?post=115952"},{"taxonomy":"post_tag","embeddable":true,"href":"https:\/\/www.bordeaux-neurocampus.fr\/en\/wp-json\/wp\/v2\/tags?post=115952"}],"curies":[{"name":"wp","href":"https:\/\/api.w.org\/{rel}","templated":true}]}}