{"id":113836,"date":"2019-12-06T16:15:31","date_gmt":"2019-12-06T15:15:31","guid":{"rendered":"https:\/\/www.bordeaux-neurocampus.fr\/?p=113836"},"modified":"2019-12-17T14:38:23","modified_gmt":"2019-12-17T13:38:23","slug":"welcome-to-the-new-phd-students","status":"publish","type":"post","link":"https:\/\/www.bordeaux-neurocampus.fr\/en\/welcome-to-the-new-phd-students\/","title":{"rendered":"Welcome to the new PhD students!"},"content":{"rendered":"<p><a href=\"https:\/\/www.bordeaux-neurocampus.fr\/wp-content\/uploads\/2019\/12\/nouveaux-doctorants-decembre2019-V2-DSC_5918.jpg\" rel=\"lightbox[113836]\"><img loading=\"lazy\" decoding=\"async\" class=\"alignright wp-image-113825 size-medium\" src=\"https:\/\/www.bordeaux-neurocampus.fr\/wp-content\/uploads\/2019\/12\/nouveaux-doctorants-decembre2019-V2-DSC_5918-360x240.jpg\" alt=\"\" width=\"360\" height=\"240\" \/><\/a><span class=\"\"><strong class=\"\">The<\/strong>\u00a0<strong class=\"\">Bordeaux Neurocampus Graduate Program\u00a0<\/strong>invited all PhD students in neuroscience to its <strong>Kick-Off\u00a0<\/strong><strong class=\"\">Meeting<\/strong><strong>, on Friday December 6th.<\/strong><\/span><\/p>\n<div class=\"\"><span class=\"\">The new PhD students could discover the Bordeaux Neurocampus Graduate Program and meet 2nd and 3rd year students and t<\/span><span class=\"\">he Neuroscience Bordeaux Association (NBA).<\/span><\/div>\n<p>&nbsp;<\/p>\n<table width=\"770\">\n<tbody>\n<tr>\n<th width=\"100\">Name<\/th>\n<th width=\"400\">Thesis topic<\/th>\n<th width=\"120\">Supervisor<\/th>\n<th width=\"120\">Institute<\/th>\n<\/tr>\n<tr>\n<td>Adrien JOLY<\/td>\n<td>Reconstitution in vitro des sites d&#8217;adh\u00e9sions cellulaire : plateforme exp\u00e9rimentale pour diss\u00e9quer les liens entre les forces du cytosquelette, la r\u00e9gulation des int\u00e9grines et les propri\u00e9t\u00e9s de la matrice extracellulaire.<\/td>\n<td>Olivier ROSSIER<\/td>\n<td>IINS<\/td>\n<\/tr>\n<tr>\n<td>Robin PIQUET<\/td>\n<td>D\u00e9ficits de prise de d\u00e9cision dans la schizophr\u00e9nie: r\u00f4le des connexions entre l&#8217;hippocampe et le cortex pr\u00e9frontal<\/td>\n<td>Shauna PARKES<\/td>\n<td>INCIA<\/td>\n<\/tr>\n<tr>\n<td>Diogo DA FONSECA<\/td>\n<td>Relier les mutations li\u00e9es \u00e0 l&#8217;autisme dans Shank3 par rapport aux d\u00e9fauts synaptiques, de r\u00e9seau et de comportement<\/td>\n<td>Eric HOSY<\/td>\n<td>IINS<\/td>\n<\/tr>\n<tr>\n<td>Valentin PLATEAU<\/td>\n<td>Contr\u00f4le dopaminergique des microcircuits moteurs corticaux pendant l&#8217;apprentissage moteur.<\/td>\n<td>Morgane LE BON-JEGO<\/td>\n<td>IMN<\/td>\n<\/tr>\n<tr>\n<td>Emma MESGUICH<\/td>\n<td>Motivation pour l&#8217;exercice physique et activit\u00e9 des neurones dopaminergiques de l&#8217;aire tegmentale ventrale<\/td>\n<td>Francis CHAOULOFF<\/td>\n<td>Neurocentre Magendie<\/td>\n<\/tr>\n<tr>\n<td>St\u00e9phane LEON<\/td>\n<td>Adaptation neuronale \u00e0 la disponibilit\u00e9 \u00e9nerg\u00e9tique: le r\u00f4le de Tbx3 hypothalamique dans l&#8217;ob\u00e9sit\u00e9<\/td>\n<td>Carmelo QUARTA<\/td>\n<td>Neurocentre Magendie<\/td>\n<\/tr>\n<tr>\n<td>Pierre-Louis RAUX<\/td>\n<td>R\u00f4le physiologique de la pregn\u00e9nolone dans la r\u00e9gulation du r\u00e9cepteur aux cannabino\u00efdes CB1 : Etude ph\u00e9notypique chez des souris mutantes CB1-E134G<\/td>\n<td>Monique VALLEE<\/td>\n<td>Neurocentre Magendie<\/td>\n<\/tr>\n<tr>\n<td>Zo\u00e9 GRIVET<\/td>\n<td>Activit\u00e9 du r\u00e9seau de la corne dorsale de la moelle \u00e9pini\u00e8re sur animal vigile, r\u00e9ponses aux stimulations nociceptives et contr\u00f4le optog\u00e9n\u00e9tique par les voies descendantes<\/td>\n<td>Pascal FOSSAT<\/td>\n<td>IINS<\/td>\n<\/tr>\n<tr>\n<td>Catherine MARNEFFE<\/td>\n<td>Dynamiques intracellulaires de l&#8217;encodage de la m\u00e9moire dans les circuits de l&#8217;hippocampe<\/td>\n<td>Christophe MULLE<\/td>\n<td>IINS<\/td>\n<\/tr>\n<tr>\n<td>Sarah MORCEAU<\/td>\n<td>Exploiter ou explorer ? Circuits neuronaux de l&#8217;apprentissage en milieu incertain<\/td>\n<td>Mathieu WOLFF<\/td>\n<td>INCIA<\/td>\n<\/tr>\n<tr>\n<td>Anaelle BRAINE<\/td>\n<td>Neurones dopaminergiques du tegmentum dorsal\u00a0 et anxi\u00e9t\u00e9: R\u00f4le en conditions physiologiques et pathologiques (Maladie de Parkinson).<\/td>\n<td>Fran\u00e7ois GEORGES<\/td>\n<td>IMN<\/td>\n<\/tr>\n<tr>\n<td>Magaux LEBOUC<\/td>\n<td>D\u00e9ficits d\u00e9veloppementaux du circuit cortico-striatal chez des mod\u00e8les rongeurs de la maladie de Huntington<\/td>\n<td>J\u00e9r\u00f4me BAUFRETON<\/td>\n<td>IMN<\/td>\n<\/tr>\n<tr>\n<td>Paula GOMEZ SOTRES<\/td>\n<td>Hypothalamic astrocytes and social behaviors<\/td>\n<td>Giovanni MARSICANO<\/td>\n<td>Neurocentre Magendie<\/td>\n<\/tr>\n<tr>\n<td>Marie BOULAIN<\/td>\n<td>Exposition aux naoparticules de m\u00e9tal et fonction respiratoires en p\u00e9riode p\u00e9rinatale<\/td>\n<td>Laurent JUVIN<\/td>\n<td>INCIA<\/td>\n<\/tr>\n<tr>\n<td>Mohamed-Ly\u00e8s KACI<\/td>\n<td>Impact du stress pr\u00e9natal sur le d\u00e9veloppement hippocampique et implications psychopathologiques.<\/td>\n<td>Muriel KOEHL<\/td>\n<td>Neurocentre Magendie<\/td>\n<\/tr>\n<tr>\n<td>Mathilde SALAGNON<\/td>\n<td>Naissance de la pens\u00e9e symbolique chez l\u0092Homme : \u00c9tude des bases neurales de la perception du visage et du corps culturalis\u00e9s en imagerie fonctionnelle<\/td>\n<td>Emmanuel MELLET<\/td>\n<td>IMN<\/td>\n<\/tr>\n<tr>\n<td>Agata NOWACKA<\/td>\n<td>M\u00e9canismes mol\u00e9culaires et physiologiques de la plasticit\u00e9 synaptique<\/td>\n<td>Daniel CHOQUET<\/td>\n<td>IINS<\/td>\n<\/tr>\n<tr>\n<td>Nicolas BLIN<\/td>\n<td>R\u00f4le des neurones du gyrus dent\u00e9 dans la m\u00e9moire spatiale au cours du vieillissement<\/td>\n<td>Nora ABROUS<\/td>\n<td>Neurocentre Magendie<\/td>\n<\/tr>\n<tr>\n<td>Zo\u00eb JAMET<\/td>\n<td>Autoimmunit\u00e9 et psychose : \u00e9tude mol\u00e9culaure des autoanticorps anti-r\u00e9cepteur NMDA<\/td>\n<td>Laurent GROC<\/td>\n<td>IINS<\/td>\n<\/tr>\n<tr>\n<td>Cecilia CASTELLI<\/td>\n<td>Etude du lien entre plasticit\u00e9 sinaptique et adaptation comportamental<\/td>\n<td>Fr\u00e9d\u00e9ric LANORE<\/td>\n<td>IINS<\/td>\n<\/tr>\n<tr>\n<td>Anna PETITBON<\/td>\n<td>Implication des lipides membranaires dans l&#8217;\u00e9tiologie d&#8217;endoph\u00e9notypes de pathologies psychiatriques<\/td>\n<td>Pierre TRIFILIEFF<\/td>\n<td>NutriNeuro<\/td>\n<\/tr>\n<tr>\n<td>Yifan WU<\/td>\n<td>R\u00f4le des ensembles neuronaux du cortex insulaire dans le codage de la valence \u00e9motionnelle<\/td>\n<td>Anna BEYELER<\/td>\n<td>Neurocentre Magendie<\/td>\n<\/tr>\n<tr>\n<td>Farah YOUNES<\/td>\n<td>Comportement des cellules microgliales c\u00e9r\u00e9brales en cas de d\u00e9ficit en w3, et lien avec les maladies neuropsychiatriques tels que la d\u00e9pression, l&#8217;autisme et les addictions.<\/td>\n<td>Sophie LAY\u00c9<\/td>\n<td>NutriNeuro<\/td>\n<\/tr>\n<tr>\n<td>Daniel HUNTER<\/td>\n<td>M\u00e9canismes mol\u00e9culaires impliqu\u00e9s dans le d\u00e9r\u00e8glement synaptique lors de troubles psychotiques<\/td>\n<td>Laurent GROC<\/td>\n<td>IINS<\/td>\n<\/tr>\n<tr>\n<td>Melody LABARCHEDE<\/td>\n<td>R\u00f4le spatio-fonctionnel de l&#8217;hom\u00e9ostasie du potassium oligodendrocytaire et ses implications dans les maladies neurod\u00e9g\u00e9n\u00e9ratives<\/td>\n<td>Fran\u00e7ois BOURRE<\/td>\n<td>IMN<\/td>\n<\/tr>\n<tr>\n<td>Irene SANCHEZ MIRASIERRA<\/td>\n<td>Interaction entre autophagie et exosomes au niveau synaptique dans la maladie de Parkinson<\/td>\n<td>Sandra SOUKUP<\/td>\n<td>IMN<\/td>\n<\/tr>\n<tr>\n<td>Federica QUICI<\/td>\n<td>Analyse en super-r\u00e9solution des d\u00e9terminants nano-anatomiques de la fonction synaptique des neurones de l&#8217;hippocampe<\/td>\n<td>Valentin NAGERL<\/td>\n<td>IINS<\/td>\n<\/tr>\n<tr>\n<td>Victor NOZAIS<\/td>\n<td>Un atlas complet de la fonction de la substance blanche du cerveau humain<\/td>\n<td>Laurent PETIT<\/td>\n<td>IMN<\/td>\n<\/tr>\n<tr>\n<td>L\u00e9onie SOMMACAL<\/td>\n<td>Implication de la voie de la Polarit\u00e9 Cellulaire Planaire dans le transfert d&#8217;information dans l&#8217;hippocampe<\/td>\n<td>Nathalie SANS<\/td>\n<td>Neurocentre Magendie<\/td>\n<\/tr>\n<tr>\n<td>Tom DELAIRE<\/td>\n<td>Imagerie 3D haut-d\u00e9bit du d\u00e9veloppement d\u0092organo\u00efdes par imagerie soSPIM<\/td>\n<td>Jean-Baptiste SIBARITA<\/td>\n<td>IINS<\/td>\n<\/tr>\n<\/tbody>\n<\/table>\n","protected":false},"excerpt":{"rendered":"<p>A Kick-Off\u00a0Meeting was organized on Friday 6th.<\/p>\n","protected":false},"author":108,"featured_media":113826,"comment_status":"closed","ping_status":"closed","sticky":false,"template":"","format":"standard","meta":{"footnotes":""},"categories":[288],"tags":[],"class_list":["post-113836","post","type-post","status-publish","format-standard","has-post-thumbnail","hentry","category-graduate-program-en"],"_links":{"self":[{"href":"https:\/\/www.bordeaux-neurocampus.fr\/en\/wp-json\/wp\/v2\/posts\/113836","targetHints":{"allow":["GET"]}}],"collection":[{"href":"https:\/\/www.bordeaux-neurocampus.fr\/en\/wp-json\/wp\/v2\/posts"}],"about":[{"href":"https:\/\/www.bordeaux-neurocampus.fr\/en\/wp-json\/wp\/v2\/types\/post"}],"author":[{"embeddable":true,"href":"https:\/\/www.bordeaux-neurocampus.fr\/en\/wp-json\/wp\/v2\/users\/108"}],"replies":[{"embeddable":true,"href":"https:\/\/www.bordeaux-neurocampus.fr\/en\/wp-json\/wp\/v2\/comments?post=113836"}],"version-history":[{"count":0,"href":"https:\/\/www.bordeaux-neurocampus.fr\/en\/wp-json\/wp\/v2\/posts\/113836\/revisions"}],"wp:featuredmedia":[{"embeddable":true,"href":"https:\/\/www.bordeaux-neurocampus.fr\/en\/wp-json\/wp\/v2\/media\/113826"}],"wp:attachment":[{"href":"https:\/\/www.bordeaux-neurocampus.fr\/en\/wp-json\/wp\/v2\/media?parent=113836"}],"wp:term":[{"taxonomy":"category","embeddable":true,"href":"https:\/\/www.bordeaux-neurocampus.fr\/en\/wp-json\/wp\/v2\/categories?post=113836"},{"taxonomy":"post_tag","embeddable":true,"href":"https:\/\/www.bordeaux-neurocampus.fr\/en\/wp-json\/wp\/v2\/tags?post=113836"}],"curies":[{"name":"wp","href":"https:\/\/api.w.org\/{rel}","templated":true}]}}