{"id":109052,"date":"2019-07-03T11:23:05","date_gmt":"2019-07-03T09:23:05","guid":{"rendered":"https:\/\/www.bordeaux-neurocampus.fr\/?p=109052"},"modified":"2019-07-11T12:19:30","modified_gmt":"2019-07-11T10:19:30","slug":"inauguration-des-nouveaux-locaux-de-lecole-des-neurosciences","status":"publish","type":"post","link":"https:\/\/www.bordeaux-neurocampus.fr\/en\/inauguration-des-nouveaux-locaux-de-lecole-des-neurosciences\/","title":{"rendered":"Inauguration des nouveaux locaux de l&#8217;\u00e9cole des neurosciences"},"content":{"rendered":"<div id=\"intro\" class=\"cms \">\n<div class=\"page\">\n<figure id=\"attachment_109030\" aria-describedby=\"caption-attachment-109030\" style=\"width: 360px\" class=\"wp-caption alignright\"><a href=\"https:\/\/www.bordeaux-neurocampus.fr\/wp-content\/uploads\/2019\/07\/ecole-visite-locaux-DSC_4806-2.jpg\" rel=\"lightbox[109052]\"><img loading=\"lazy\" decoding=\"async\" class=\"wp-image-109030 size-medium\" src=\"https:\/\/www.bordeaux-neurocampus.fr\/wp-content\/uploads\/2019\/07\/ecole-visite-locaux-DSC_4806-2-360x240.jpg\" alt=\"\" width=\"360\" height=\"240\" srcset=\"https:\/\/www.bordeaux-neurocampus.fr\/wp-content\/uploads\/2019\/07\/ecole-visite-locaux-DSC_4806-2-360x240.jpg 360w, https:\/\/www.bordeaux-neurocampus.fr\/wp-content\/uploads\/2019\/07\/ecole-visite-locaux-DSC_4806-2-770x513.jpg 770w, https:\/\/www.bordeaux-neurocampus.fr\/wp-content\/uploads\/2019\/07\/ecole-visite-locaux-DSC_4806-2-136x91.jpg 136w, https:\/\/www.bordeaux-neurocampus.fr\/wp-content\/uploads\/2019\/07\/ecole-visite-locaux-DSC_4806-2.jpg 1200w\" sizes=\"auto, (max-width: 360px) 100vw, 360px\" \/><\/a><figcaption id=\"caption-attachment-109030\" class=\"wp-caption-text\">Visite des locaux de l&#8217;\u00e9cole<\/figcaption><\/figure>\n<p>L\u2019\u00c9cole des neurosciences de Bordeaux a <strong>inaugur\u00e9 ses nouveaux locaux<\/strong> ce vendredi 28 juin 2019 au Centre de g\u00e9nomique fonctionnelle de l\u2019universit\u00e9 de Bordeaux, en pr\u00e9sence de Philippe Moretto, vice pr\u00e9sident de l&#8217;universit\u00e9, de Carmen Sandi, pr\u00e9sidente de la FENS, Keiji Tanaka, secr\u00e9taire g\u00e9n\u00e9ral de l&#8217;IBRO et du comit\u00e9 d&#8217;administration du programme <i>Cajal<\/i>.<\/p>\n<p>Un article de l&#8217;universit\u00e9 revient sur cet \u00e9v\u00e9nement et ses les actions et fonctions de l&#8217;\u00e9cole :<br \/>\n<a href=\"https:\/\/www.u-bordeaux.fr\/Actualites\/De-la-recherche\/Inauguration-des-locaux-de-l-Ecole-des-neurosciences-de-Bordeaux\"><strong>https:\/\/www.u-bordeaux.fr\/<\/strong><\/a><\/p>\n<\/div>\n<p>Ce jour fut aussi celui de la mise en ligne du <strong>nouveau site web de l&#8217;\u00e9cole<\/strong>, r\u00e9alis\u00e9 par l&#8217;\u00e9quipe de Bordeaux Neurocampus.<\/p>\n<p>Le site web : <a href=\"http:\/\/www.bordeaux-school-of-neuroscience.eu\">www.bordeaux-school-of-neuroscience.eu<\/a><\/p>\n<p>L&#8217;\u00e9cole est aussi pr\u00e9sente (et tr\u00e8s active) sur <a href=\"https:\/\/twitter.com\/bdxneuroschool\">Twitter<\/a> et <a href=\"https:\/\/www.facebook.com\/bdxschoolofneuroscience\">Facebook<\/a>, ce qui permet en particulier d&#8217;\u00eatre alert\u00e9 des <em>talks<\/em> lors des formations CAJAL.<\/p>\n<\/div>\n","protected":false},"excerpt":{"rendered":"<p>Elle a eu lieu le vendredi 28 juin 2019.<\/p>\n","protected":false},"author":108,"featured_media":109031,"comment_status":"closed","ping_status":"closed","sticky":false,"template":"","format":"standard","meta":{"footnotes":""},"categories":[1],"tags":[],"class_list":["post-109052","post","type-post","status-publish","format-standard","has-post-thumbnail","hentry","category-news-neurocampus"],"_links":{"self":[{"href":"https:\/\/www.bordeaux-neurocampus.fr\/en\/wp-json\/wp\/v2\/posts\/109052","targetHints":{"allow":["GET"]}}],"collection":[{"href":"https:\/\/www.bordeaux-neurocampus.fr\/en\/wp-json\/wp\/v2\/posts"}],"about":[{"href":"https:\/\/www.bordeaux-neurocampus.fr\/en\/wp-json\/wp\/v2\/types\/post"}],"author":[{"embeddable":true,"href":"https:\/\/www.bordeaux-neurocampus.fr\/en\/wp-json\/wp\/v2\/users\/108"}],"replies":[{"embeddable":true,"href":"https:\/\/www.bordeaux-neurocampus.fr\/en\/wp-json\/wp\/v2\/comments?post=109052"}],"version-history":[{"count":0,"href":"https:\/\/www.bordeaux-neurocampus.fr\/en\/wp-json\/wp\/v2\/posts\/109052\/revisions"}],"wp:featuredmedia":[{"embeddable":true,"href":"https:\/\/www.bordeaux-neurocampus.fr\/en\/wp-json\/wp\/v2\/media\/109031"}],"wp:attachment":[{"href":"https:\/\/www.bordeaux-neurocampus.fr\/en\/wp-json\/wp\/v2\/media?parent=109052"}],"wp:term":[{"taxonomy":"category","embeddable":true,"href":"https:\/\/www.bordeaux-neurocampus.fr\/en\/wp-json\/wp\/v2\/categories?post=109052"},{"taxonomy":"post_tag","embeddable":true,"href":"https:\/\/www.bordeaux-neurocampus.fr\/en\/wp-json\/wp\/v2\/tags?post=109052"}],"curies":[{"name":"wp","href":"https:\/\/api.w.org\/{rel}","templated":true}]}}