{"id":107743,"date":"2019-05-12T15:14:21","date_gmt":"2019-05-12T13:14:21","guid":{"rendered":"https:\/\/www.bordeaux-neurocampus.fr\/?p=107743"},"modified":"2019-05-21T16:27:50","modified_gmt":"2019-05-21T14:27:50","slug":"journee-dinformation-sur-les-financements-europeens-en-lien-avec-la-sante","status":"publish","type":"post","link":"https:\/\/www.bordeaux-neurocampus.fr\/en\/journee-dinformation-sur-les-financements-europeens-en-lien-avec-la-sante\/","title":{"rendered":"Journ\u00e9e d\u2019information sur les financements europ\u00e9ens en lien avec la sant\u00e9"},"content":{"rendered":"<p>La journ\u00e9e se tiendra le <strong>lundi 27 Mai 2019<br \/>\n\u00e0 l\u2019institut Fran\u00e7ois Magendie<br \/>\n<\/strong><\/p>\n<p>Cette journ\u00e9e a pour objectif\u00a0<strong>d\u2019\u00e9changer<\/strong>\u00a0autour des appels \u00e0 projets europ\u00e9ens \u00e0 venir, vous apporter des conseils pour y r\u00e9pondre et savoir trouver des partenaires pour des\u00a0<strong>consortia pluri-acteurs et transdisciplinaires<\/strong>\u00a0:<\/p>\n<p><strong>Quelle que soit votre discipline, ces appels \u00e0 projets en sant\u00e9 sont aussi pour vous\u00a0!<\/strong><\/p>\n<p>Elle est organis\u00e9e par l\u2019Inserm et l&#8217;universit\u00e9 de Bordeaux dans le cadre du r\u00e9seau des cellules Europe des \u00e9tablissements d&#8217;enseignement sup\u00e9rieur et de recherche\u00a0des campus\u00a0bordelais, avec le soutien de l&#8217;IdEx Bordeaux et de la Fondation Euskampus.<\/p>\n<p>Acc\u00e8s libre et ouvert \u00e0 tous, pour tout niveau de connaissance et d\u2019exp\u00e9rience dans le domaine des appels \u00e0 projets europ\u00e9ens.<\/p>\n<p><strong>Programme :<\/strong><\/p>\n<p><a href=\"https:\/\/myeuropeanproject.u-bordeaux.fr\/en\/Download\/News\/PieceJointeInfo\/fichier\/2065.pdf\">https:\/\/myeuropeanproject.u-bordeaux.fr\/en\/Download\/News\/PieceJointeInfo\/fichier\/2065.pdf<\/a><\/p>\n<p><strong>Inscription :<\/strong><\/p>\n<p><a href=\"https:\/\/myeuropeanproject.u-bordeaux.fr\/en\/Events\/Inscription-ouverte-InfoDay-Sante-i6778.html\">https:\/\/myeuropeanproject.u-bordeaux.fr\/en\/Events\/Inscription-ouverte-InfoDay-Sante-i6778.html<\/a><\/p>\n<p>&nbsp;<\/p>\n","protected":false},"excerpt":{"rendered":"<p>Lundi 27 mai 2019, \u00e0 l\u2019institut Fran\u00e7ois Magendie<\/p>\n","protected":false},"author":108,"featured_media":107724,"comment_status":"closed","ping_status":"closed","sticky":false,"template":"","format":"standard","meta":{"footnotes":""},"categories":[],"tags":[],"class_list":["post-107743","post","type-post","status-publish","format-standard","has-post-thumbnail","hentry"],"_links":{"self":[{"href":"https:\/\/www.bordeaux-neurocampus.fr\/en\/wp-json\/wp\/v2\/posts\/107743","targetHints":{"allow":["GET"]}}],"collection":[{"href":"https:\/\/www.bordeaux-neurocampus.fr\/en\/wp-json\/wp\/v2\/posts"}],"about":[{"href":"https:\/\/www.bordeaux-neurocampus.fr\/en\/wp-json\/wp\/v2\/types\/post"}],"author":[{"embeddable":true,"href":"https:\/\/www.bordeaux-neurocampus.fr\/en\/wp-json\/wp\/v2\/users\/108"}],"replies":[{"embeddable":true,"href":"https:\/\/www.bordeaux-neurocampus.fr\/en\/wp-json\/wp\/v2\/comments?post=107743"}],"version-history":[{"count":0,"href":"https:\/\/www.bordeaux-neurocampus.fr\/en\/wp-json\/wp\/v2\/posts\/107743\/revisions"}],"wp:featuredmedia":[{"embeddable":true,"href":"https:\/\/www.bordeaux-neurocampus.fr\/en\/wp-json\/wp\/v2\/media\/107724"}],"wp:attachment":[{"href":"https:\/\/www.bordeaux-neurocampus.fr\/en\/wp-json\/wp\/v2\/media?parent=107743"}],"wp:term":[{"taxonomy":"category","embeddable":true,"href":"https:\/\/www.bordeaux-neurocampus.fr\/en\/wp-json\/wp\/v2\/categories?post=107743"},{"taxonomy":"post_tag","embeddable":true,"href":"https:\/\/www.bordeaux-neurocampus.fr\/en\/wp-json\/wp\/v2\/tags?post=107743"}],"curies":[{"name":"wp","href":"https:\/\/api.w.org\/{rel}","templated":true}]}}