{"id":205608,"global_id":"www.bordeaux-neurocampus.fr\/en\/?id=205608","global_id_lineage":["www.bordeaux-neurocampus.fr\/en\/?id=205608"],"author":"108","status":"publish","date":"2026-07-23 08:59:27","date_utc":"2026-07-23 06:59:27","modified":"2026-09-01 21:09:02","modified_utc":"2026-09-01 19:09:02","url":"https:\/\/www.bordeaux-neurocampus.fr\/en\/event\/thesis-defense-achille-gillig\/","rest_url":"https:\/\/www.bordeaux-neurocampus.fr\/en\/wp-json\/tribe\/events\/v1\/events\/205608","title":"<span>Thesis defense &#8211; <\/span>Achille Gillig","description":"<p><strong>Venue: B\u00e2timent A29, Amphith\u00e9\u00e2tre A, Campus Peixotto<\/strong><\/p>\n<p>Defense in french<\/p>\n<hr \/>\n<p><strong>Achille Gillig<\/strong><\/p>\n<p>Neurofunctional Imaging Group,<br \/>\nInstitut des Maladies Neurod\u00e9g\u00e9n\u00e9ratives<\/p>\n<p>Supervisor: Marc Joliot<\/p>\n<h3>Titre<\/h3>\n<p>Neuroimagerie fonctionnelle de repos chez l\u2019humain : pertinence de l\u2019architecture c\u00e9r\u00e9brale intrins\u00e8que en r\u00e9seaux pour la cognition<\/p>\n<h3>R\u00e9sum\u00e9<\/h3>\n<p>Depuis trois d\u00e9cennies, la neuroimagerie fonctionnelle a transform\u00e9 l\u2019\u00e9tude des relations entre organisation c\u00e9r\u00e9brale et cognition. Alors que les approches classiques cherchaient \u00e0 localiser les fonctions cognitives dans des r\u00e9gions circonscrites, l\u2019accumulation de donn\u00e9es a d\u00e9plac\u00e9 le champ vers une compr\u00e9hension en r\u00e9seaux du fonctionnement c\u00e9r\u00e9bral. L\u2019IRM fonctionnelle de repos a montr\u00e9 que, m\u00eame sans t\u00e2che explicite, le cerveau demeure organis\u00e9 en r\u00e9seaux de repos. Parce qu\u2019ils ressemblent en partie aux syst\u00e8mes recrut\u00e9s pour la perception, l\u2019action, la cognition et les \u00e9motions, ces r\u00e9seaux ont souvent \u00e9t\u00e9 interpr\u00e9t\u00e9s comme une architecture intrins\u00e8que soutenant les processus mentaux.<\/p>\n<p>Cependant, la signification fonctionnelle de cette architecture demeure incertaine. Il reste \u00e0 d\u00e9terminer si les r\u00e9seaux de repos doivent \u00eatre compris comme des modules cognitifs fondamentaux impliqu\u00e9s dans la maintenance hors ligne de processus cognitifs sp\u00e9cifiques. Cette th\u00e8se a abord\u00e9 cette question en examinant la pertinence de l\u2019organisation c\u00e9r\u00e9brale intrins\u00e8que en r\u00e9seaux de repos pour la cognition, la variabilit\u00e9 comportementale interindividuelle et le d\u00e9clin cognitif li\u00e9 \u00e0 la d\u00e9mence.<\/p>\n<p>La premi\u00e8re contribution fournit un cadre plus pr\u00e9cis pour interpr\u00e9ter la pertinence cognitive des r\u00e9seaux de repos. \u00c0 cette fin, nous avons introduit un atlas de 33 r\u00e9seaux du repos et caract\u00e9ris\u00e9 chaque r\u00e9seau par d\u00e9codage m\u00e9ta-analytique et \u00e9tiquetage cognitif fond\u00e9 sur le consensus. Cette approche visait \u00e0 d\u00e9passer les \u00e9tiquettes cognitives informelles attribu\u00e9es \u00e0 ces r\u00e9seaux, en fournissant des associations empiriquement fond\u00e9es entre r\u00e9seaux intrins\u00e8ques et processus cognitifs de t\u00e2che. Elle a ainsi fourni un cadre o\u00f9 la pertinence cognitive des r\u00e9seaux du repos peut \u00eatre test\u00e9e.<\/p>\n<p>La deuxi\u00e8me contribution remet en question l\u2019id\u00e9e que les r\u00e9seaux de repos correspondent \u00e0 des modules cognitifs strictement sp\u00e9cifiques. En pr\u00e9disant de multiples comportements \u00e0 partir de la connectivit\u00e9 fonctionnelle de repos, nous avons montr\u00e9 que la connectivit\u00e9 pr\u00e9dictive du comportement ne s\u2019organisait pas principalement en processus cognitifs fins, mais autour de dimensions latentes plus larges, dont Cognition, Affect Positif et Affect N\u00e9gatif. Seule la connectivit\u00e9 pr\u00e9dictive de la Cognition \u00e9tait associ\u00e9e \u00e0 une architecture intrins\u00e8que s\u00e9gr\u00e9g\u00e9e, caract\u00e9ris\u00e9e par une connectivit\u00e9 intra-r\u00e9seau renforc\u00e9e et inter-r\u00e9seaux r\u00e9duite. Ce profil s\u2019exprimait surtout dans des r\u00e9seaux pr\u00e9c\u00e9demment associ\u00e9s \u00e0 des processus cognitifs de haut niveau. Ces r\u00e9sultats sugg\u00e8rent que la cognition est li\u00e9e \u00e0 une architecture intrins\u00e8que modulaire flexible exprim\u00e9e \u00e0 travers plusieurs r\u00e9seaux.<\/p>\n<p>La troisi\u00e8me contribution \u00e9tend ce cadre au d\u00e9clin cognitif li\u00e9 \u00e0 la d\u00e9mence. Chez des patients en consultation m\u00e9moire, nous avons montr\u00e9 qu\u2019un d\u00e9clin cognitif abrupt \u00e9tait associ\u00e9 \u00e0 une d\u00e9diff\u00e9renciation globale des r\u00e9seaux et \u00e0 une perte plus s\u00e9lective de connectivit\u00e9 intra-r\u00e9seaux. Ce r\u00e9sultat renforce l\u2019association entre s\u00e9gr\u00e9gation des r\u00e9seaux et cognition efficiente, tout en sugg\u00e9rant que la d\u00e9mence alt\u00e8re la cognition par deux m\u00e9canismes compl\u00e9mentaires, avec une d\u00e9diff\u00e9renciation globale des syst\u00e8mes \u00e0 large \u00e9chelle et une perturbation s\u00e9lective de leur coh\u00e9sion interne.<\/p>\n<p>Ensemble, ces travaux soutiennent une conception nuanc\u00e9e de la pertinence cognitive des r\u00e9seaux de repos. L\u2019architecture intrins\u00e8que du cerveau ne semble pas correspondre \u00e0 la cognition comme un ensemble de modules fixes et sp\u00e9cifiques \u00e0 des processus particuliers. Les r\u00e9seaux de repos semblent plut\u00f4t constituer une architecture \u00e0 large \u00e9chelle significative, dont l\u2019organisation s\u00e9gr\u00e9g\u00e9e soutient la cognition et dont la d\u00e9diff\u00e9renciation accompagne le d\u00e9clin cognitif.<\/p>\n<p>Mots-cl\u00e9s : IRM fonctionnelle de repos ; connectivit\u00e9 fonctionnelle ; r\u00e9seaux du repos ; cognition ; mod\u00e9lisation pr\u00e9dictive ; d\u00e9mence.<\/p>\n<h3>Jury<\/h3>\n<ul>\n<li>M. JOLIOT Marc\u00a0Directeur de recherche, IMN, Universit\u00e9 de Bordeaux, CNRS, CEA, Bordeaux &#8211; Directeur de th\u00e8se<\/li>\n<li>M. WASSERMANN Demian Directeur de recherche, Centre Inria de Saclay, Universit\u00e9 Paris-Saclay, Inria, CEA, Palaiseau &#8211; Rapporteur<\/li>\n<li>M. BARTOLOMEO Paolo Directeur de recherche, Paris Brain Institute, Sorbonne Universit\u00e9, Inserm, CNRS, Paris &#8211; Rapporteur<\/li>\n<li>Mme LOPEZ-PERSEM Aliz\u00e9e Charg\u00e9e de recherche, Sorbonne Universit\u00e9, Institut du Cerveau \u2013 Paris Brain Institute \u2013 ICM, Inserm, CNRS, AP-HP, H\u00f4pital de la Piti\u00e9 Salp\u00eatri\u00e8re, Paris &#8211; Examinatrice<\/li>\n<li>Mme CHANRAUD Sandra Ma\u00eetresse de conf\u00e9rences, INCIA, CNRS, Universit\u00e9 de Bordeaux, Bordeaux &#8211; Examinatrice<\/li>\n<li>M. JOBARD Ga\u00ebl Ma\u00eetre de conf\u00e9rence, IMN, Universit\u00e9 de Bordeaux, CNRS, CEA, Bordeaux &#8211; Invit\u00e9<\/li>\n<\/ul>\n<p>&nbsp;<\/p>","excerpt":"<p>Neuroimagerie fonctionnelle de repos chez l\u2019humain : pertinence de l\u2019architecture c\u00e9r\u00e9brale intrins\u00e8que en r\u00e9seaux pour la cognition \/\/ Lieu : B\u00e2timent A29, Amphith\u00e9\u00e2tre A<\/p>","slug":"thesis-defense-achille-gillig","image":false,"all_day":false,"start_date":"2026-10-16 14:30:00","start_date_details":{"year":"2026","month":"10","day":"16","hour":"14","minutes":"30","seconds":"00"},"end_date":"2026-10-16 14:30:00","end_date_details":{"year":"2026","month":"10","day":"16","hour":"14","minutes":"30","seconds":"00"},"utc_start_date":"2026-10-16 12:30:00","utc_start_date_details":{"year":"2026","month":"10","day":"16","hour":"12","minutes":"30","seconds":"00"},"utc_end_date":"2026-10-16 12:30:00","utc_end_date_details":{"year":"2026","month":"10","day":"16","hour":"12","minutes":"30","seconds":"00"},"timezone":"Europe\/Paris","timezone_abbr":"CEST","cost":"","cost_details":{"currency_symbol":"","currency_position":"suffix","values":[]},"website":"","show_map":false,"show_map_link":false,"hide_from_listings":false,"sticky":false,"featured":false,"categories":[{"name":"Thesis","slug":"theses-en","term_group":0,"term_taxonomy_id":187,"taxonomy":"tribe_events_cat","description":"","parent":0,"count":285,"filter":"raw","id":187,"urls":{"self":"https:\/\/www.bordeaux-neurocampus.fr\/en\/wp-json\/tribe\/events\/v1\/categories\/187","collection":"https:\/\/www.bordeaux-neurocampus.fr\/en\/wp-json\/tribe\/events\/v1\/categories"}}],"tags":[],"venue":[],"organizer":[],"json_ld":{"@context":"http:\/\/schema.org","@type":"Event","name":"&lt;span&gt;Thesis defense &#8211; &lt;\/span&gt;Achille Gillig","description":"&lt;p&gt;Neuroimagerie fonctionnelle de repos chez l\u2019humain : pertinence de l\u2019architecture c\u00e9r\u00e9brale intrins\u00e8que en r\u00e9seaux pour la cognition \/\/ Lieu : B\u00e2timent A29, Amphith\u00e9\u00e2tre A&lt;\/p&gt;\\n","url":"https:\/\/www.bordeaux-neurocampus.fr\/en\/event\/thesis-defense-achille-gillig\/","startDate":"2026-10-16T14:30:00+02:00","endDate":"2026-10-16T14:30:00+02:00","performer":"Organization"}}